{"id":4281,"date":"2020-12-18T15:43:00","date_gmt":"2020-12-18T14:43:00","guid":{"rendered":"https:\/\/agugiarofigna.com\/unkategorisiert\/von-den-vereinten-nationen-bis-collecchio-11-geschichten-ueber-die-richtigen-baeume-am-richtigen-ort-und-fuer-den-richtigen-zweck-in-der-neuen-ausgabe-von-reticula-dem-magazin-von-ispra\/"},"modified":"2025-06-26T11:30:27","modified_gmt":"2025-06-26T09:30:27","slug":"von-den-vereinten-nationen-bis-collecchio-11-geschichten-ueber-die-richtigen-baeume-am-richtigen-ort-und-fuer-den-richtigen-zweck-in-der-neuen-ausgabe-von-reticula-dem-magazin-von-ispra","status":"publish","type":"post","link":"https:\/\/agugiarofigna.com\/de\/unkategorisiert\/von-den-vereinten-nationen-bis-collecchio-11-geschichten-ueber-die-richtigen-baeume-am-richtigen-ort-und-fuer-den-richtigen-zweck-in-der-neuen-ausgabe-von-reticula-dem-magazin-von-ispra\/","title":{"rendered":"Von den Vereinten Nationen bis Collecchio: 11 Geschichten \u00fcber die richtigen B\u00e4ume, am richtigen Ort und f\u00fcr den richtigen Zweck, in der neuen Ausgabe von RETICULA, dem Magazin von ISPRA"},"content":{"rendered":"&#13;\n<p><strong><br\/>Von den Vereinten Nationen bis Collecchio: 11 Geschichten \u00fcber die richtigen B\u00e4ume, am richtigen Ort und f\u00fcr den richtigen Zweck, in der neuen Ausgabe von RETICULA, dem Magazin des Istituto Superiore per la Protezione e la Ricerca Ambientale (ISPRA).<\/strong><\/p>&#13;\n&#13;\n<p><strong>  Mehr als 4.000 Exemplare wurden von Ministerien, Regionen, Gemeinden, Universit\u00e4ten, Parks, B\u00fcrgern, &#8230; angefordert.<br\/><br\/>Das von Agugiaro &amp; Figna gef\u00f6rderte Projekt &#8218;Il Bosco del Molino&#8216;, eines der von RETICULA ausgew\u00e4hlten Projekte.<sub>CO2-Ausgleich<\/sub>, \u00f6kologische Vernetzung und die Inspiration, die die Sch\u00f6nheit der Landschaften von Parma in den B\u00e4umen und Str\u00e4uchern des Waldes finden wird. <\/strong><\/p>&#13;\n&#13;\n<p><br\/><br\/><strong>Bosco del Molino di Collecchio geh\u00f6rt zu den 11 herausragenden Projekten, die in der 150-seitigen Ausgabe 25 der wissenschaftlichen Zeitschrift RETICULA der ISPRA beschrieben werden.<\/strong> Der Artikel ist Teil eines umfangreichen 150-seitigen \u00dcberblicks, mit dem von der Redaktion der Forstabteilung der Vereinten Nationen bis zum Bosco del Molino di Collecchio (Parma) ein neues Verlagsjahr mit einer Monographie \u00fcber Aufforstung und Wiederaufforstung in Italien er\u00f6ffnet wird. Wie bereits erw\u00e4hnt, werden 11 herausragende Projekte vorgestellt und beschrieben, die im Einklang mit dem &#8222;<strong><em>Strategieplan der Vereinten Nationen f\u00fcr die W\u00e4lder 2030<\/em><\/strong>&#8222;(UNDP2030) von 2017, der die globale Referenz f\u00fcr die Bewirtschaftung der W\u00e4lder des Planeten und der<em>&#8222;B\u00e4ume au\u00dferhalb der W\u00e4lder<\/em>&#8220; darstellt. Und zu diesen elf Projekten geh\u00f6rten auch <strong><em>Der Molino-Wald<\/em><\/strong> der von<strong> Agugiaro&amp;Figna <\/strong>in Zusammenarbeit mit dem<strong> CINSA <\/strong>(Consorzio Interuniversitario Nazionale Scienze Ambientali) gef\u00f6rdert wird, um das Gebiet und seine Artenvielfalt zu unterst\u00fctzen und sich zu immer umweltvertr\u00e4glicheren Entscheidungen zu verpflichten.   <\/p>&#13;\n&#13;\n<p><br\/>W\u00e4lder bedecken 31 % der Landmasse der Erde und beherbergen 80 % der Biomasse der Erde. Sie bieten mehr als der H\u00e4lfte aller Tier- und Pflanzenarten Unterschlupf, ein Erbe, das in Italien viele \u00f6ffentliche und private Einrichtungen sieht, die zu einer hervorragenden Gestaltung f\u00e4hig sind, die in dieser Zeit der gro\u00dfen pandemischen Unsicherheit eine Zukunft mit sozialer und \u00f6kologischer Widerstandsf\u00e4higkeit, die vom Piemont bis Molise, vom Gran Sasso bis zur Reggia di Venaria reicht und die Nutzung von Big Data und IOT (Internet of Trees) f\u00fcr die Waldbewirtschaftung und neue Gesch\u00e4ftsmodelle f\u00fcr den Verkauf der von B\u00e4umen generierten \u00d6kosystemleistungen vorschl\u00e4gt, bis hin zum Projekt Bosco del Molino di Collecchio, das von Agugiaro &amp; Figna.<\/p>&#13;\n&#13;\n<p>Das Projekt der Molitorio-Gruppe wurde vom Wissenschaftlichen Ausschuss von RETICULA nicht nur wegen der<sub>CO2-Kompensation<\/sub> und der \u00f6kologischen Vernetzung ausgew\u00e4hlt, sondern auch wegen der besonderen Inspiration, die der Molino-Wald aus der Sch\u00f6nheit der Landschaften zieht, die in der Landschaft von Parma wiederhergestellt werden sollen. Dies geschieht durch ein innovatives Design, das den Ausdruck der Landschaft mit dem naturalistischen und kulturellen Wert der 13 Hektar gro\u00dfen Fl\u00e4che verbindet, die von dem im Juli letzten Jahres begonnenen und im November dieses Jahres abgeschlossenen Eingriff betroffen sind. <\/p>&#13;\n&#13;\n<p>&#8222;<em>Die Landschaft der Parma-Ebene in der N\u00e4he der H\u00fcgel, die der Kunstkritiker Roberto Tassi vor drei\u00dfig Jahren in seinen B\u00e4nden studiert und beschrieben hat, wird eine 700 Meter lange Front des Waldgebiets versch\u00f6nern. <\/em><strong><em>Das Projekt<\/em><\/strong> &#8211; <strong> erkl\u00e4rt <\/strong>Dr. <strong>Rosanna Figna, <\/strong><strong>Qualit\u00e4ts-, Forschungs- und <\/strong><strong>Entwicklungsmanagerin<\/strong><strong>des Unternehmens und <\/strong><strong>Leiterin der Arbeiten<\/strong> &#8211; <strong><em>ist eine Antwort auf ein \u00f6kologisches Ungleichgewicht, das behoben werden muss, und gleichzeitig eine Antwort auf die Suche und den Wunsch, eine neue Sch\u00f6nheit durch einen Ort zu genie\u00dfen, der zu einem Raum f\u00fcr Erholung, Meditation, Theater, die Suche nach Harmonie und die Produktion von Kultur wird&#8220;.<\/em><\/strong><\/p>&#13;\n&#13;\n<p><strong><em>Der Wald von Molino<\/em><\/strong> wird auf einem an das Werk der Gruppe in Collecchio in der Provinz Parma angrenzenden Grundst\u00fcck errichtet und umfasst die Aufforstung von insgesamt 13 Hektar, davon 10 Hektar Naturwald und 3 Hektar Pappelw\u00e4lder. F\u00fcnfzehntausend B\u00e4ume, Str\u00e4ucher und offizielle Essenzen werden in dem Wald gepflanzt. Die gro\u00dfe Gr\u00fcnfl\u00e4che wird in der Lage sein, das gesamte<sub>CO2<\/sub> zu absorbieren, das von den Werken von Agugiaro &amp; Figna bei der Getreideverarbeitung ausgesto\u00dfen wird. Es handelt sich also um ein gro\u00dfes und ehrgeiziges Projekt, mit dem sich das Unternehmen konkret verpflichtet, die Gegenwart und die Zukunft mit Respekt zu betrachten, nicht nur f\u00fcr die Umwelt, sondern auch f\u00fcr das lokale Territorium und seine Bewohner, indem es einen Prozess einleitet, der darauf abzielt, die Umwelt und das \u00d6kosystem als erneuerbares Erbe zu sch\u00fctzen. Der <strong>Bosco del Molino<\/strong> geht von dem Bewusstsein aus, dass die Umweltproblematik unausweichlich ist, und von der Notwendigkeit, den k\u00fcnftigen Generationen ein Erbe zu hinterlassen. Es ist ein Projekt im Entstehen, bei dem es nicht nur um Innovation durch Nachhaltigkeit geht, sondern auch darum, den B\u00fcrgern, Sch\u00fclern, Lehrern und Forschern eine offene, zug\u00e4ngliche Gr\u00fcnfl\u00e4che zur Verf\u00fcgung zu stellen, die K\u00fcnstlern als neuer Raum f\u00fcr die Aus\u00fcbung verschiedener Aktivit\u00e4ten dient: von der Erholung bis zum Studium, von der wissenschaftlichen Forschung bis zur Kultur, wobei das Gef\u00fchl der Zugeh\u00f6rigkeit zu einer Gemeinschaft wiederentdeckt wird.     <\/p>&#13;\n&#13;\n<p><br\/><strong>\u00dcber Agugiaro &amp; Figna Molini<\/strong><\/p>&#13;\n&#13;\n<p>Seit dem 15. Jahrhundert k\u00fcmmert sich die Agugiaro&amp;Figna Gruppe um die Pflege und Vermahlung von Weizen. &#8222;<em>Jedes einzelne Weizenkorn und jede Sorte verk\u00f6rpert den Sinn der Reise, die es zur\u00fccklegt, beginnend auf dem Feld mit der Aussaat des Samens, um dann in einem langsamen und sanften Prozess auf unseren Tischen zu landen<\/em>&#8222;. Dies ist die Philosophie, die die Arbeit des Unternehmens leitet und belebt, das aus dem Zusammenschluss zweier historischer Familien entstanden ist und sich seit sechs Generationen mit Leidenschaft, Wissen, Technik und Hingabe der M\u00fcllerei widmet. <\/p>&#13;\n&#13;\n<p>F\u00fcr Agugiaro&amp;Figna erz\u00e4hlt das Mehl eine Geschichte, oder besser gesagt, verschiedene Geschichten, die durch ein einziges Element vereint werden: das <strong>Mehl<\/strong>. Das ist die Magie des Weizens, die in der F\u00e4higkeit liegt, von den Menschen zu erz\u00e4hlen, die ihn mit Respekt, Gewissenhaftigkeit und Technik in einem st\u00e4ndigen Dialog zwischen Tradition und Innovation bearbeiten; aber es erz\u00e4hlt uns auch von dem Land und seinen Qualit\u00e4ten, seiner Geschichte und seinen Eigenschaften. Auf dem Feld beginnt unser Engagement f\u00fcr den Respekt vor der Umwelt, der Arbeit, den Lebensmitteln und den Menschen.  <\/p>&#13;\n&#13;\n<p>Die Konzentration auf die funktionalen Aspekte des Mehls hat dazu gef\u00fchrt, dass das Unternehmen als erstes eine spezielle Linie f\u00fcr Pizza entwickelt hat und das einzige M\u00fchlenunternehmen ist, das Sauerteigstarter herstellt. Es wurde eine Reihe von Produkten f\u00fcr jeden Lebensmittelbereich entwickelt: Kochen, Backen, Konditorei, Pizzabacken, Experimentieren mit Eigenschaften und Wechselwirkungen mit anderen Zutaten. Die Leitwerte des Unternehmens zielen darauf ab, die Authentizit\u00e4t des Weizens zu bewahren, eine entsprechende technische Leistung zu garantieren und eine nachhaltige Umwelt zu gew\u00e4hrleisten. Das Mahlen der einzelnen Weizensorten erfolgt schonend und allm\u00e4hlich, um die nat\u00fcrlichen Eigenschaften zu erhalten. Die technische und funktionelle Qualit\u00e4t wird durch das Mischen der Mehle zu ausgewogenen Mischungen mit unterschiedlichen Eigenschaften gew\u00e4hrleistet. Die Leidenschaft f\u00fcr Qualit\u00e4t und Nat\u00fcrlichkeit lenkt die Entscheidungen auf die Verwendung von Energie aus erneuerbaren Quellen, auf Bio-Mehle und auf neue Extraktionen, die die Authentizit\u00e4t des Weizens verbessern.     <\/p>&#13;\n","protected":false},"excerpt":{"rendered":"<p>&#13; Von den Vereinten Nationen bis Collecchio: 11 Geschichten \u00fcber die richtigen B\u00e4ume, am richtigen Ort und f\u00fcr den richtigen Zweck, in der neuen Ausgabe [&hellip;]<\/p>\n","protected":false},"author":2,"featured_media":0,"comment_status":"closed","ping_status":"closed","sticky":false,"template":"","format":"standard","meta":{"_acf_changed":false,"footnotes":""},"categories":[53],"tags":[],"class_list":["post-4281","post","type-post","status-publish","format-standard","hentry","category-unkategorisiert"],"acf":[],"yoast_head":"<!-- This site is optimized with the Yoast SEO plugin v27.4 - https:\/\/yoast.com\/product\/yoast-seo-wordpress\/ -->\n<title>Von den Vereinten Nationen bis Collecchio: 11 Geschichten \u00fcber die richtigen B\u00e4ume, am richtigen Ort und f\u00fcr den richtigen Zweck, in der neuen Ausgabe von RETICULA, dem Magazin von ISPRA - Agugiaro&amp;Figna<\/title>\n<meta name=\"robots\" content=\"index, follow, max-snippet:-1, max-image-preview:large, max-video-preview:-1\" \/>\n<link rel=\"canonical\" href=\"https:\/\/agugiarofigna.com\/de\/unkategorisiert\/von-den-vereinten-nationen-bis-collecchio-11-geschichten-ueber-die-richtigen-baeume-am-richtigen-ort-und-fuer-den-richtigen-zweck-in-der-neuen-ausgabe-von-reticula-dem-magazin-von-ispra\/\" \/>\n<meta property=\"og:locale\" content=\"de_DE\" \/>\n<meta property=\"og:type\" content=\"article\" \/>\n<meta property=\"og:title\" content=\"Von den Vereinten Nationen bis Collecchio: 11 Geschichten \u00fcber die richtigen B\u00e4ume, am richtigen Ort und f\u00fcr den richtigen Zweck, in der neuen Ausgabe von RETICULA, dem Magazin von ISPRA - Agugiaro&amp;Figna\" \/>\n<meta property=\"og:description\" content=\"&#013; Von den Vereinten Nationen bis Collecchio: 11 Geschichten \u00fcber die richtigen B\u00e4ume, am richtigen Ort und f\u00fcr den richtigen Zweck, in der neuen Ausgabe [&hellip;]\" \/>\n<meta property=\"og:url\" content=\"https:\/\/agugiarofigna.com\/de\/unkategorisiert\/von-den-vereinten-nationen-bis-collecchio-11-geschichten-ueber-die-richtigen-baeume-am-richtigen-ort-und-fuer-den-richtigen-zweck-in-der-neuen-ausgabe-von-reticula-dem-magazin-von-ispra\/\" \/>\n<meta property=\"og:site_name\" content=\"Agugiaro&amp;Figna\" \/>\n<meta property=\"article:publisher\" content=\"https:\/\/www.facebook.com\/AgugiaroeFigna\" \/>\n<meta property=\"article:published_time\" content=\"2020-12-18T14:43:00+00:00\" \/>\n<meta property=\"article:modified_time\" content=\"2025-06-26T09:30:27+00:00\" \/>\n<meta name=\"author\" content=\"Gregorio Guerrini\" \/>\n<meta name=\"twitter:card\" content=\"summary_large_image\" \/>\n<meta name=\"twitter:label1\" content=\"Verfasst von\" \/>\n\t<meta name=\"twitter:data1\" content=\"Gregorio Guerrini\" \/>\n\t<meta name=\"twitter:label2\" content=\"Gesch\u00e4tzte Lesezeit\" \/>\n\t<meta name=\"twitter:data2\" content=\"6\u00a0Minuten\" \/>\n<script type=\"application\/ld+json\" class=\"yoast-schema-graph\">{\"@context\":\"https:\\\/\\\/schema.org\",\"@graph\":[{\"@type\":\"Article\",\"@id\":\"https:\\\/\\\/agugiarofigna.com\\\/de\\\/unkategorisiert\\\/von-den-vereinten-nationen-bis-collecchio-11-geschichten-ueber-die-richtigen-baeume-am-richtigen-ort-und-fuer-den-richtigen-zweck-in-der-neuen-ausgabe-von-reticula-dem-magazin-von-ispra\\\/#article\",\"isPartOf\":{\"@id\":\"https:\\\/\\\/agugiarofigna.com\\\/de\\\/unkategorisiert\\\/von-den-vereinten-nationen-bis-collecchio-11-geschichten-ueber-die-richtigen-baeume-am-richtigen-ort-und-fuer-den-richtigen-zweck-in-der-neuen-ausgabe-von-reticula-dem-magazin-von-ispra\\\/\"},\"author\":{\"name\":\"Gregorio Guerrini\",\"@id\":\"https:\\\/\\\/agugiarofigna.com\\\/#\\\/schema\\\/person\\\/b57a6382eedf3080af2faca8d2d20e25\"},\"headline\":\"Von den Vereinten Nationen bis Collecchio: 11 Geschichten \u00fcber die richtigen B\u00e4ume, am richtigen Ort und f\u00fcr den richtigen Zweck, in der neuen Ausgabe von RETICULA, dem Magazin von ISPRA\",\"datePublished\":\"2020-12-18T14:43:00+00:00\",\"dateModified\":\"2025-06-26T09:30:27+00:00\",\"mainEntityOfPage\":{\"@id\":\"https:\\\/\\\/agugiarofigna.com\\\/de\\\/unkategorisiert\\\/von-den-vereinten-nationen-bis-collecchio-11-geschichten-ueber-die-richtigen-baeume-am-richtigen-ort-und-fuer-den-richtigen-zweck-in-der-neuen-ausgabe-von-reticula-dem-magazin-von-ispra\\\/\"},\"wordCount\":1199,\"publisher\":{\"@id\":\"https:\\\/\\\/agugiarofigna.com\\\/#organization\"},\"articleSection\":[\"Unkategorisiert\"],\"inLanguage\":\"de\"},{\"@type\":\"WebPage\",\"@id\":\"https:\\\/\\\/agugiarofigna.com\\\/de\\\/unkategorisiert\\\/von-den-vereinten-nationen-bis-collecchio-11-geschichten-ueber-die-richtigen-baeume-am-richtigen-ort-und-fuer-den-richtigen-zweck-in-der-neuen-ausgabe-von-reticula-dem-magazin-von-ispra\\\/\",\"url\":\"https:\\\/\\\/agugiarofigna.com\\\/de\\\/unkategorisiert\\\/von-den-vereinten-nationen-bis-collecchio-11-geschichten-ueber-die-richtigen-baeume-am-richtigen-ort-und-fuer-den-richtigen-zweck-in-der-neuen-ausgabe-von-reticula-dem-magazin-von-ispra\\\/\",\"name\":\"Von den Vereinten Nationen bis Collecchio: 11 Geschichten \u00fcber die richtigen B\u00e4ume, am richtigen Ort und f\u00fcr den richtigen Zweck, in der neuen Ausgabe von RETICULA, dem Magazin von ISPRA - Agugiaro&amp;Figna\",\"isPartOf\":{\"@id\":\"https:\\\/\\\/agugiarofigna.com\\\/#website\"},\"datePublished\":\"2020-12-18T14:43:00+00:00\",\"dateModified\":\"2025-06-26T09:30:27+00:00\",\"breadcrumb\":{\"@id\":\"https:\\\/\\\/agugiarofigna.com\\\/de\\\/unkategorisiert\\\/von-den-vereinten-nationen-bis-collecchio-11-geschichten-ueber-die-richtigen-baeume-am-richtigen-ort-und-fuer-den-richtigen-zweck-in-der-neuen-ausgabe-von-reticula-dem-magazin-von-ispra\\\/#breadcrumb\"},\"inLanguage\":\"de\",\"potentialAction\":[{\"@type\":\"ReadAction\",\"target\":[\"https:\\\/\\\/agugiarofigna.com\\\/de\\\/unkategorisiert\\\/von-den-vereinten-nationen-bis-collecchio-11-geschichten-ueber-die-richtigen-baeume-am-richtigen-ort-und-fuer-den-richtigen-zweck-in-der-neuen-ausgabe-von-reticula-dem-magazin-von-ispra\\\/\"]}]},{\"@type\":\"BreadcrumbList\",\"@id\":\"https:\\\/\\\/agugiarofigna.com\\\/de\\\/unkategorisiert\\\/von-den-vereinten-nationen-bis-collecchio-11-geschichten-ueber-die-richtigen-baeume-am-richtigen-ort-und-fuer-den-richtigen-zweck-in-der-neuen-ausgabe-von-reticula-dem-magazin-von-ispra\\\/#breadcrumb\",\"itemListElement\":[{\"@type\":\"ListItem\",\"position\":1,\"name\":\"Home\",\"item\":\"https:\\\/\\\/agugiarofigna.com\\\/\"},{\"@type\":\"ListItem\",\"position\":2,\"name\":\"Von den Vereinten Nationen bis Collecchio: 11 Geschichten \u00fcber die richtigen B\u00e4ume, am richtigen Ort und f\u00fcr den richtigen Zweck, in der neuen Ausgabe von RETICULA, dem Magazin von ISPRA\"}]},{\"@type\":\"WebSite\",\"@id\":\"https:\\\/\\\/agugiarofigna.com\\\/#website\",\"url\":\"https:\\\/\\\/agugiarofigna.com\\\/\",\"name\":\"Agugiaro&Figna\",\"description\":\"\",\"publisher\":{\"@id\":\"https:\\\/\\\/agugiarofigna.com\\\/#organization\"},\"potentialAction\":[{\"@type\":\"SearchAction\",\"target\":{\"@type\":\"EntryPoint\",\"urlTemplate\":\"https:\\\/\\\/agugiarofigna.com\\\/?s={search_term_string}\"},\"query-input\":{\"@type\":\"PropertyValueSpecification\",\"valueRequired\":true,\"valueName\":\"search_term_string\"}}],\"inLanguage\":\"de\"},{\"@type\":\"Organization\",\"@id\":\"https:\\\/\\\/agugiarofigna.com\\\/#organization\",\"name\":\"Agugiaro&Figna\",\"url\":\"https:\\\/\\\/agugiarofigna.com\\\/\",\"logo\":{\"@type\":\"ImageObject\",\"inLanguage\":\"de\",\"@id\":\"https:\\\/\\\/agugiarofigna.com\\\/#\\\/schema\\\/logo\\\/image\\\/\",\"url\":\"https:\\\/\\\/agugiarofigna.com\\\/wp-content\\\/uploads\\\/2024\\\/12\\\/Logo-Agugiaro-Figna.svg\",\"contentUrl\":\"https:\\\/\\\/agugiarofigna.com\\\/wp-content\\\/uploads\\\/2024\\\/12\\\/Logo-Agugiaro-Figna.svg\",\"width\":710,\"height\":125,\"caption\":\"Agugiaro&Figna\"},\"image\":{\"@id\":\"https:\\\/\\\/agugiarofigna.com\\\/#\\\/schema\\\/logo\\\/image\\\/\"},\"sameAs\":[\"https:\\\/\\\/www.facebook.com\\\/AgugiaroeFigna\",\"https:\\\/\\\/www.instagram.com\\\/moliniagugiaroefigna\\\/#\"]},{\"@type\":\"Person\",\"@id\":\"https:\\\/\\\/agugiarofigna.com\\\/#\\\/schema\\\/person\\\/b57a6382eedf3080af2faca8d2d20e25\",\"name\":\"Gregorio Guerrini\",\"image\":{\"@type\":\"ImageObject\",\"inLanguage\":\"de\",\"@id\":\"https:\\\/\\\/secure.gravatar.com\\\/avatar\\\/d632a82d325990f4d1a7e91c088859eb32b90e2ccd45676db28225c1cf84b4c6?s=96&d=mm&r=g\",\"url\":\"https:\\\/\\\/secure.gravatar.com\\\/avatar\\\/d632a82d325990f4d1a7e91c088859eb32b90e2ccd45676db28225c1cf84b4c6?s=96&d=mm&r=g\",\"contentUrl\":\"https:\\\/\\\/secure.gravatar.com\\\/avatar\\\/d632a82d325990f4d1a7e91c088859eb32b90e2ccd45676db28225c1cf84b4c6?s=96&d=mm&r=g\",\"caption\":\"Gregorio Guerrini\"},\"url\":\"https:\\\/\\\/agugiarofigna.com\\\/de\\\/author\\\/gregorio\\\/\"}]}<\/script>\n<!-- \/ Yoast SEO plugin. -->","yoast_head_json":{"title":"Von den Vereinten Nationen bis Collecchio: 11 Geschichten \u00fcber die richtigen B\u00e4ume, am richtigen Ort und f\u00fcr den richtigen Zweck, in der neuen Ausgabe von RETICULA, dem Magazin von ISPRA - Agugiaro&amp;Figna","robots":{"index":"index","follow":"follow","max-snippet":"max-snippet:-1","max-image-preview":"max-image-preview:large","max-video-preview":"max-video-preview:-1"},"canonical":"https:\/\/agugiarofigna.com\/de\/unkategorisiert\/von-den-vereinten-nationen-bis-collecchio-11-geschichten-ueber-die-richtigen-baeume-am-richtigen-ort-und-fuer-den-richtigen-zweck-in-der-neuen-ausgabe-von-reticula-dem-magazin-von-ispra\/","og_locale":"de_DE","og_type":"article","og_title":"Von den Vereinten Nationen bis Collecchio: 11 Geschichten \u00fcber die richtigen B\u00e4ume, am richtigen Ort und f\u00fcr den richtigen Zweck, in der neuen Ausgabe von RETICULA, dem Magazin von ISPRA - Agugiaro&amp;Figna","og_description":"&#13; Von den Vereinten Nationen bis Collecchio: 11 Geschichten \u00fcber die richtigen B\u00e4ume, am richtigen Ort und f\u00fcr den richtigen Zweck, in der neuen Ausgabe [&hellip;]","og_url":"https:\/\/agugiarofigna.com\/de\/unkategorisiert\/von-den-vereinten-nationen-bis-collecchio-11-geschichten-ueber-die-richtigen-baeume-am-richtigen-ort-und-fuer-den-richtigen-zweck-in-der-neuen-ausgabe-von-reticula-dem-magazin-von-ispra\/","og_site_name":"Agugiaro&amp;Figna","article_publisher":"https:\/\/www.facebook.com\/AgugiaroeFigna","article_published_time":"2020-12-18T14:43:00+00:00","article_modified_time":"2025-06-26T09:30:27+00:00","author":"Gregorio Guerrini","twitter_card":"summary_large_image","twitter_misc":{"Verfasst von":"Gregorio Guerrini","Gesch\u00e4tzte Lesezeit":"6\u00a0Minuten"},"schema":{"@context":"https:\/\/schema.org","@graph":[{"@type":"Article","@id":"https:\/\/agugiarofigna.com\/de\/unkategorisiert\/von-den-vereinten-nationen-bis-collecchio-11-geschichten-ueber-die-richtigen-baeume-am-richtigen-ort-und-fuer-den-richtigen-zweck-in-der-neuen-ausgabe-von-reticula-dem-magazin-von-ispra\/#article","isPartOf":{"@id":"https:\/\/agugiarofigna.com\/de\/unkategorisiert\/von-den-vereinten-nationen-bis-collecchio-11-geschichten-ueber-die-richtigen-baeume-am-richtigen-ort-und-fuer-den-richtigen-zweck-in-der-neuen-ausgabe-von-reticula-dem-magazin-von-ispra\/"},"author":{"name":"Gregorio Guerrini","@id":"https:\/\/agugiarofigna.com\/#\/schema\/person\/b57a6382eedf3080af2faca8d2d20e25"},"headline":"Von den Vereinten Nationen bis Collecchio: 11 Geschichten \u00fcber die richtigen B\u00e4ume, am richtigen Ort und f\u00fcr den richtigen Zweck, in der neuen Ausgabe von RETICULA, dem Magazin von ISPRA","datePublished":"2020-12-18T14:43:00+00:00","dateModified":"2025-06-26T09:30:27+00:00","mainEntityOfPage":{"@id":"https:\/\/agugiarofigna.com\/de\/unkategorisiert\/von-den-vereinten-nationen-bis-collecchio-11-geschichten-ueber-die-richtigen-baeume-am-richtigen-ort-und-fuer-den-richtigen-zweck-in-der-neuen-ausgabe-von-reticula-dem-magazin-von-ispra\/"},"wordCount":1199,"publisher":{"@id":"https:\/\/agugiarofigna.com\/#organization"},"articleSection":["Unkategorisiert"],"inLanguage":"de"},{"@type":"WebPage","@id":"https:\/\/agugiarofigna.com\/de\/unkategorisiert\/von-den-vereinten-nationen-bis-collecchio-11-geschichten-ueber-die-richtigen-baeume-am-richtigen-ort-und-fuer-den-richtigen-zweck-in-der-neuen-ausgabe-von-reticula-dem-magazin-von-ispra\/","url":"https:\/\/agugiarofigna.com\/de\/unkategorisiert\/von-den-vereinten-nationen-bis-collecchio-11-geschichten-ueber-die-richtigen-baeume-am-richtigen-ort-und-fuer-den-richtigen-zweck-in-der-neuen-ausgabe-von-reticula-dem-magazin-von-ispra\/","name":"Von den Vereinten Nationen bis Collecchio: 11 Geschichten \u00fcber die richtigen B\u00e4ume, am richtigen Ort und f\u00fcr den richtigen Zweck, in der neuen Ausgabe von RETICULA, dem Magazin von ISPRA - Agugiaro&amp;Figna","isPartOf":{"@id":"https:\/\/agugiarofigna.com\/#website"},"datePublished":"2020-12-18T14:43:00+00:00","dateModified":"2025-06-26T09:30:27+00:00","breadcrumb":{"@id":"https:\/\/agugiarofigna.com\/de\/unkategorisiert\/von-den-vereinten-nationen-bis-collecchio-11-geschichten-ueber-die-richtigen-baeume-am-richtigen-ort-und-fuer-den-richtigen-zweck-in-der-neuen-ausgabe-von-reticula-dem-magazin-von-ispra\/#breadcrumb"},"inLanguage":"de","potentialAction":[{"@type":"ReadAction","target":["https:\/\/agugiarofigna.com\/de\/unkategorisiert\/von-den-vereinten-nationen-bis-collecchio-11-geschichten-ueber-die-richtigen-baeume-am-richtigen-ort-und-fuer-den-richtigen-zweck-in-der-neuen-ausgabe-von-reticula-dem-magazin-von-ispra\/"]}]},{"@type":"BreadcrumbList","@id":"https:\/\/agugiarofigna.com\/de\/unkategorisiert\/von-den-vereinten-nationen-bis-collecchio-11-geschichten-ueber-die-richtigen-baeume-am-richtigen-ort-und-fuer-den-richtigen-zweck-in-der-neuen-ausgabe-von-reticula-dem-magazin-von-ispra\/#breadcrumb","itemListElement":[{"@type":"ListItem","position":1,"name":"Home","item":"https:\/\/agugiarofigna.com\/"},{"@type":"ListItem","position":2,"name":"Von den Vereinten Nationen bis Collecchio: 11 Geschichten \u00fcber die richtigen B\u00e4ume, am richtigen Ort und f\u00fcr den richtigen Zweck, in der neuen Ausgabe von RETICULA, dem Magazin von ISPRA"}]},{"@type":"WebSite","@id":"https:\/\/agugiarofigna.com\/#website","url":"https:\/\/agugiarofigna.com\/","name":"Agugiaro&Figna","description":"","publisher":{"@id":"https:\/\/agugiarofigna.com\/#organization"},"potentialAction":[{"@type":"SearchAction","target":{"@type":"EntryPoint","urlTemplate":"https:\/\/agugiarofigna.com\/?s={search_term_string}"},"query-input":{"@type":"PropertyValueSpecification","valueRequired":true,"valueName":"search_term_string"}}],"inLanguage":"de"},{"@type":"Organization","@id":"https:\/\/agugiarofigna.com\/#organization","name":"Agugiaro&Figna","url":"https:\/\/agugiarofigna.com\/","logo":{"@type":"ImageObject","inLanguage":"de","@id":"https:\/\/agugiarofigna.com\/#\/schema\/logo\/image\/","url":"https:\/\/agugiarofigna.com\/wp-content\/uploads\/2024\/12\/Logo-Agugiaro-Figna.svg","contentUrl":"https:\/\/agugiarofigna.com\/wp-content\/uploads\/2024\/12\/Logo-Agugiaro-Figna.svg","width":710,"height":125,"caption":"Agugiaro&Figna"},"image":{"@id":"https:\/\/agugiarofigna.com\/#\/schema\/logo\/image\/"},"sameAs":["https:\/\/www.facebook.com\/AgugiaroeFigna","https:\/\/www.instagram.com\/moliniagugiaroefigna\/#"]},{"@type":"Person","@id":"https:\/\/agugiarofigna.com\/#\/schema\/person\/b57a6382eedf3080af2faca8d2d20e25","name":"Gregorio Guerrini","image":{"@type":"ImageObject","inLanguage":"de","@id":"https:\/\/secure.gravatar.com\/avatar\/d632a82d325990f4d1a7e91c088859eb32b90e2ccd45676db28225c1cf84b4c6?s=96&d=mm&r=g","url":"https:\/\/secure.gravatar.com\/avatar\/d632a82d325990f4d1a7e91c088859eb32b90e2ccd45676db28225c1cf84b4c6?s=96&d=mm&r=g","contentUrl":"https:\/\/secure.gravatar.com\/avatar\/d632a82d325990f4d1a7e91c088859eb32b90e2ccd45676db28225c1cf84b4c6?s=96&d=mm&r=g","caption":"Gregorio Guerrini"},"url":"https:\/\/agugiarofigna.com\/de\/author\/gregorio\/"}]}},"_links":{"self":[{"href":"https:\/\/agugiarofigna.com\/de\/wp-json\/wp\/v2\/posts\/4281","targetHints":{"allow":["GET"]}}],"collection":[{"href":"https:\/\/agugiarofigna.com\/de\/wp-json\/wp\/v2\/posts"}],"about":[{"href":"https:\/\/agugiarofigna.com\/de\/wp-json\/wp\/v2\/types\/post"}],"author":[{"embeddable":true,"href":"https:\/\/agugiarofigna.com\/de\/wp-json\/wp\/v2\/users\/2"}],"replies":[{"embeddable":true,"href":"https:\/\/agugiarofigna.com\/de\/wp-json\/wp\/v2\/comments?post=4281"}],"version-history":[{"count":2,"href":"https:\/\/agugiarofigna.com\/de\/wp-json\/wp\/v2\/posts\/4281\/revisions"}],"predecessor-version":[{"id":6307,"href":"https:\/\/agugiarofigna.com\/de\/wp-json\/wp\/v2\/posts\/4281\/revisions\/6307"}],"wp:attachment":[{"href":"https:\/\/agugiarofigna.com\/de\/wp-json\/wp\/v2\/media?parent=4281"}],"wp:term":[{"taxonomy":"category","embeddable":true,"href":"https:\/\/agugiarofigna.com\/de\/wp-json\/wp\/v2\/categories?post=4281"},{"taxonomy":"post_tag","embeddable":true,"href":"https:\/\/agugiarofigna.com\/de\/wp-json\/wp\/v2\/tags?post=4281"}],"curies":[{"name":"wp","href":"https:\/\/api.w.org\/{rel}","templated":true}]}}