{"id":4545,"date":"2024-12-17T22:27:15","date_gmt":"2024-12-17T21:27:15","guid":{"rendered":"https:\/\/agugiarofigna.com\/unkategorisiert\/agugiaro-figna-fuer-urbane-kunst\/"},"modified":"2025-01-31T18:52:09","modified_gmt":"2025-01-31T17:52:09","slug":"agugiaro-figna-fuer-urbane-kunst","status":"publish","type":"post","link":"https:\/\/agugiarofigna.com\/de\/initiativen\/agugiaro-figna-fuer-urbane-kunst\/","title":{"rendered":"Agugiaro &amp; Figna f\u00fcr urbane Kunst"},"content":{"rendered":"\n<p><strong>Naturtreffen Graffiti-K\u00fcnstler in Parma vom 6. bis 7. September 2024<\/strong><\/p>\n\n<p><strong>Ein Aufruf an 6 urbane K\u00fcnstler, \u00fcber ihre Beziehung zur Natur nachzudenken<\/strong><\/p>\n\n<p>Nature Meeting Graffiti Artist ist ein Aufruf an 6 Urban-Art-K\u00fcnstler, die eingeladen sind, ihren Beitrag zu einer Reflexion \u00fcber die Natur zu leisten, die nicht nur als Sch\u00f6nheit, sondern auch als Mutter verstanden wird, von der der Mensch nur ein Teil und nicht der zentrale Punkt ist.<\/p>\n\n<p>Das Treffen wird von der Vereinigung McLuc Culture aps in Parma ( <a href=\"https:\/\/www.mclucculture.org\/\">https:\/\/www.mclucculture.org\/)<\/a> konzipiert und koordiniert und von Molino Agugiaro &amp; Figna, dem F\u00f6rderer und Unterst\u00fctzer der Initiative, in den R\u00e4umlichkeiten von Valera in der Via Martiri della Liberazione (zwischen Parma und Vicofertile) ausgerichtet. In einer Gegend, die bereits ein wichtiges historisches Ged\u00e4chtnis f\u00fcr die Kunst der Parma-M\u00fcller darstellt. <\/p>\n\n<p>Die K\u00fcnstler werden von einer internen Jury ausgew\u00e4hlt, deren Namen nach dem 25. Juni bekannt gegeben werden. Die Jury wird folgende Punkte ber\u00fccksichtigen: Relevanz f\u00fcr das vorgeschlagene Thema, k\u00fcnstlerische Qualit\u00e4t, Kreativit\u00e4t des Werks, Interaktion mit der Umgebung, Realisierbarkeit in Bezug auf die Ressourcen und Originalit\u00e4t. Die Werke m\u00fcssen unver\u00f6ffentlicht sein und d\u00fcrfen nicht bereits anderweitig verwendet worden sein.  <\/p>\n\n<p>Das Projekt ist nicht als Wettbewerb gedacht, sondern als eine Gelegenheit f\u00fcr die Organisatoren und die K\u00fcnstler, die urbane Kreativit\u00e4t als Mittel zu nutzen, um die Gemeinschaft konkret f\u00fcr den Inhalt des vorgeschlagenen Themas zu sensibilisieren: Die Werke, die an den W\u00e4nden einiger Geb\u00e4ude der Anlage entstehen, werden in der Tat von der Stra\u00dfe aus deutlich sichtbar sein.<\/p>\n\n<p>McLuc Culture APS ist ein gemeinn\u00fctziger Kulturverein mit Sitz in Parma. Sie wurde 2005 gegr\u00fcndet und widmet sich der F\u00f6rderung der urbanen Kunst als Form der sozialen Entwicklung. Eines ihrer Ziele ist es, urbane Kunst als Instrument zur \u00dcberwindung von kulturellen Grenzen, Vorurteilen und sozialen Konflikten zu nutzen. Kreativit\u00e4t ist eine Form der Kunsttherapie, die das pers\u00f6nliche Wachstum, die Verbindung zur Umwelt und die Beziehungen zwischen den Menschen f\u00f6rdert. Trotz seiner bescheidenen Gr\u00f6\u00dfe gelingt es dem Verein, dank eines Netzwerks leidenschaftlicher Freiwilliger, die sich um ihn drehen, regelm\u00e4\u00dfig Veranstaltungen von Weltrang zu organisieren. McLuc Culture APS ist Teil eines internationalen Netzwerks von urbanen K\u00fcnstlern auf der ganzen Welt und organisiert mehrere Initiativen, darunter die European Urban Art Convention Segni Urbani und 2024 das Meeting of Styles Italy     <\/p>\n\n<p><\/p>\n","protected":false},"excerpt":{"rendered":"<p>Agugiaro &amp; Figna Molini S.p.A. ist Gastgeber des Nature Meeting, einer Ausschreibung f\u00fcr 6 Urban Art-K\u00fcnstler, die die Anlage von Valera (PR) versch\u00f6nern sollen<\/p>\n","protected":false},"author":1,"featured_media":4547,"comment_status":"closed","ping_status":"closed","sticky":false,"template":"","format":"standard","meta":{"_acf_changed":false,"footnotes":""},"categories":[94,88],"tags":[],"class_list":["post-4545","post","type-post","status-publish","format-standard","has-post-thumbnail","hentry","category-ereignisse","category-initiativen"],"acf":[],"yoast_head":"<!-- This site is optimized with the Yoast SEO plugin v27.5 - https:\/\/yoast.com\/product\/yoast-seo-wordpress\/ -->\n<title>Agugiaro &amp; Figna f\u00fcr urbane Kunst - Agugiaro&amp;Figna<\/title>\n<meta name=\"robots\" content=\"index, follow, max-snippet:-1, max-image-preview:large, max-video-preview:-1\" \/>\n<link rel=\"canonical\" href=\"https:\/\/agugiarofigna.com\/de\/initiativen\/agugiaro-figna-fuer-urbane-kunst\/\" \/>\n<meta property=\"og:locale\" content=\"de_DE\" \/>\n<meta property=\"og:type\" content=\"article\" \/>\n<meta property=\"og:title\" content=\"Agugiaro &amp; Figna f\u00fcr urbane Kunst - Agugiaro&amp;Figna\" \/>\n<meta property=\"og:description\" content=\"Agugiaro &amp; Figna Molini S.p.A. ist Gastgeber des Nature Meeting, einer Ausschreibung f\u00fcr 6 Urban Art-K\u00fcnstler, die die Anlage von Valera (PR) versch\u00f6nern sollen\" \/>\n<meta property=\"og:url\" content=\"https:\/\/agugiarofigna.com\/de\/initiativen\/agugiaro-figna-fuer-urbane-kunst\/\" \/>\n<meta property=\"og:site_name\" content=\"Agugiaro&amp;Figna\" \/>\n<meta property=\"article:publisher\" content=\"https:\/\/www.facebook.com\/AgugiaroeFigna\" \/>\n<meta property=\"article:published_time\" content=\"2024-12-17T21:27:15+00:00\" \/>\n<meta property=\"article:modified_time\" content=\"2025-01-31T17:52:09+00:00\" \/>\n<meta property=\"og:image\" content=\"https:\/\/agugiarofigna.com\/wp-content\/uploads\/2024\/12\/AF-Arte.jpg\" \/>\n\t<meta property=\"og:image:width\" content=\"609\" \/>\n\t<meta property=\"og:image:height\" content=\"383\" \/>\n\t<meta property=\"og:image:type\" content=\"image\/jpeg\" \/>\n<meta name=\"author\" content=\"admin\" \/>\n<meta name=\"twitter:card\" content=\"summary_large_image\" \/>\n<meta name=\"twitter:label1\" content=\"Verfasst von\" \/>\n\t<meta name=\"twitter:data1\" content=\"admin\" \/>\n\t<meta name=\"twitter:label2\" content=\"Gesch\u00e4tzte Lesezeit\" \/>\n\t<meta name=\"twitter:data2\" content=\"2\u00a0Minuten\" \/>\n<script type=\"application\/ld+json\" class=\"yoast-schema-graph\">{\"@context\":\"https:\\\/\\\/schema.org\",\"@graph\":[{\"@type\":\"Article\",\"@id\":\"https:\\\/\\\/agugiarofigna.com\\\/de\\\/initiativen\\\/agugiaro-figna-fuer-urbane-kunst\\\/#article\",\"isPartOf\":{\"@id\":\"https:\\\/\\\/agugiarofigna.com\\\/de\\\/initiativen\\\/agugiaro-figna-fuer-urbane-kunst\\\/\"},\"author\":{\"name\":\"admin\",\"@id\":\"https:\\\/\\\/agugiarofigna.com\\\/#\\\/schema\\\/person\\\/7ae1db0d54a8d4c316ce1fbef128f27c\"},\"headline\":\"Agugiaro &amp; Figna f\u00fcr urbane Kunst\",\"datePublished\":\"2024-12-17T21:27:15+00:00\",\"dateModified\":\"2025-01-31T17:52:09+00:00\",\"mainEntityOfPage\":{\"@id\":\"https:\\\/\\\/agugiarofigna.com\\\/de\\\/initiativen\\\/agugiaro-figna-fuer-urbane-kunst\\\/\"},\"wordCount\":409,\"publisher\":{\"@id\":\"https:\\\/\\\/agugiarofigna.com\\\/#organization\"},\"image\":{\"@id\":\"https:\\\/\\\/agugiarofigna.com\\\/de\\\/initiativen\\\/agugiaro-figna-fuer-urbane-kunst\\\/#primaryimage\"},\"thumbnailUrl\":\"https:\\\/\\\/agugiarofigna.com\\\/wp-content\\\/uploads\\\/2024\\\/12\\\/AF-Arte.jpg\",\"articleSection\":[\"Ereignisse\",\"Initiativen\"],\"inLanguage\":\"de\"},{\"@type\":\"WebPage\",\"@id\":\"https:\\\/\\\/agugiarofigna.com\\\/de\\\/initiativen\\\/agugiaro-figna-fuer-urbane-kunst\\\/\",\"url\":\"https:\\\/\\\/agugiarofigna.com\\\/de\\\/initiativen\\\/agugiaro-figna-fuer-urbane-kunst\\\/\",\"name\":\"Agugiaro &amp; Figna f\u00fcr urbane Kunst - Agugiaro&amp;Figna\",\"isPartOf\":{\"@id\":\"https:\\\/\\\/agugiarofigna.com\\\/#website\"},\"primaryImageOfPage\":{\"@id\":\"https:\\\/\\\/agugiarofigna.com\\\/de\\\/initiativen\\\/agugiaro-figna-fuer-urbane-kunst\\\/#primaryimage\"},\"image\":{\"@id\":\"https:\\\/\\\/agugiarofigna.com\\\/de\\\/initiativen\\\/agugiaro-figna-fuer-urbane-kunst\\\/#primaryimage\"},\"thumbnailUrl\":\"https:\\\/\\\/agugiarofigna.com\\\/wp-content\\\/uploads\\\/2024\\\/12\\\/AF-Arte.jpg\",\"datePublished\":\"2024-12-17T21:27:15+00:00\",\"dateModified\":\"2025-01-31T17:52:09+00:00\",\"breadcrumb\":{\"@id\":\"https:\\\/\\\/agugiarofigna.com\\\/de\\\/initiativen\\\/agugiaro-figna-fuer-urbane-kunst\\\/#breadcrumb\"},\"inLanguage\":\"de\",\"potentialAction\":[{\"@type\":\"ReadAction\",\"target\":[\"https:\\\/\\\/agugiarofigna.com\\\/de\\\/initiativen\\\/agugiaro-figna-fuer-urbane-kunst\\\/\"]}]},{\"@type\":\"ImageObject\",\"inLanguage\":\"de\",\"@id\":\"https:\\\/\\\/agugiarofigna.com\\\/de\\\/initiativen\\\/agugiaro-figna-fuer-urbane-kunst\\\/#primaryimage\",\"url\":\"https:\\\/\\\/agugiarofigna.com\\\/wp-content\\\/uploads\\\/2024\\\/12\\\/AF-Arte.jpg\",\"contentUrl\":\"https:\\\/\\\/agugiarofigna.com\\\/wp-content\\\/uploads\\\/2024\\\/12\\\/AF-Arte.jpg\",\"width\":609,\"height\":383},{\"@type\":\"BreadcrumbList\",\"@id\":\"https:\\\/\\\/agugiarofigna.com\\\/de\\\/initiativen\\\/agugiaro-figna-fuer-urbane-kunst\\\/#breadcrumb\",\"itemListElement\":[{\"@type\":\"ListItem\",\"position\":1,\"name\":\"Home\",\"item\":\"https:\\\/\\\/agugiarofigna.com\\\/\"},{\"@type\":\"ListItem\",\"position\":2,\"name\":\"Agugiaro &amp; Figna f\u00fcr urbane Kunst\"}]},{\"@type\":\"WebSite\",\"@id\":\"https:\\\/\\\/agugiarofigna.com\\\/#website\",\"url\":\"https:\\\/\\\/agugiarofigna.com\\\/\",\"name\":\"Agugiaro&Figna\",\"description\":\"\",\"publisher\":{\"@id\":\"https:\\\/\\\/agugiarofigna.com\\\/#organization\"},\"potentialAction\":[{\"@type\":\"SearchAction\",\"target\":{\"@type\":\"EntryPoint\",\"urlTemplate\":\"https:\\\/\\\/agugiarofigna.com\\\/?s={search_term_string}\"},\"query-input\":{\"@type\":\"PropertyValueSpecification\",\"valueRequired\":true,\"valueName\":\"search_term_string\"}}],\"inLanguage\":\"de\"},{\"@type\":\"Organization\",\"@id\":\"https:\\\/\\\/agugiarofigna.com\\\/#organization\",\"name\":\"Agugiaro&Figna\",\"url\":\"https:\\\/\\\/agugiarofigna.com\\\/\",\"logo\":{\"@type\":\"ImageObject\",\"inLanguage\":\"de\",\"@id\":\"https:\\\/\\\/agugiarofigna.com\\\/#\\\/schema\\\/logo\\\/image\\\/\",\"url\":\"https:\\\/\\\/agugiarofigna.com\\\/wp-content\\\/uploads\\\/2024\\\/12\\\/Logo-Agugiaro-Figna.svg\",\"contentUrl\":\"https:\\\/\\\/agugiarofigna.com\\\/wp-content\\\/uploads\\\/2024\\\/12\\\/Logo-Agugiaro-Figna.svg\",\"width\":710,\"height\":125,\"caption\":\"Agugiaro&Figna\"},\"image\":{\"@id\":\"https:\\\/\\\/agugiarofigna.com\\\/#\\\/schema\\\/logo\\\/image\\\/\"},\"sameAs\":[\"https:\\\/\\\/www.facebook.com\\\/AgugiaroeFigna\",\"https:\\\/\\\/www.instagram.com\\\/moliniagugiaroefigna\\\/#\"]},{\"@type\":\"Person\",\"@id\":\"https:\\\/\\\/agugiarofigna.com\\\/#\\\/schema\\\/person\\\/7ae1db0d54a8d4c316ce1fbef128f27c\",\"name\":\"admin\",\"image\":{\"@type\":\"ImageObject\",\"inLanguage\":\"de\",\"@id\":\"https:\\\/\\\/secure.gravatar.com\\\/avatar\\\/5edb4df5e2959cba313f23cb81d70d9233dad5fed62a756d80df55fa53e32990?s=96&d=mm&r=g\",\"url\":\"https:\\\/\\\/secure.gravatar.com\\\/avatar\\\/5edb4df5e2959cba313f23cb81d70d9233dad5fed62a756d80df55fa53e32990?s=96&d=mm&r=g\",\"contentUrl\":\"https:\\\/\\\/secure.gravatar.com\\\/avatar\\\/5edb4df5e2959cba313f23cb81d70d9233dad5fed62a756d80df55fa53e32990?s=96&d=mm&r=g\",\"caption\":\"admin\"},\"sameAs\":[\"https:\\\/\\\/agugiarofigna.com\"],\"url\":\"https:\\\/\\\/agugiarofigna.com\\\/de\\\/author\\\/eddy_4j3pad7g\\\/\"}]}<\/script>\n<!-- \/ Yoast SEO plugin. -->","yoast_head_json":{"title":"Agugiaro &amp; Figna f\u00fcr urbane Kunst - Agugiaro&amp;Figna","robots":{"index":"index","follow":"follow","max-snippet":"max-snippet:-1","max-image-preview":"max-image-preview:large","max-video-preview":"max-video-preview:-1"},"canonical":"https:\/\/agugiarofigna.com\/de\/initiativen\/agugiaro-figna-fuer-urbane-kunst\/","og_locale":"de_DE","og_type":"article","og_title":"Agugiaro &amp; Figna f\u00fcr urbane Kunst - Agugiaro&amp;Figna","og_description":"Agugiaro &amp; Figna Molini S.p.A. ist Gastgeber des Nature Meeting, einer Ausschreibung f\u00fcr 6 Urban Art-K\u00fcnstler, die die Anlage von Valera (PR) versch\u00f6nern sollen","og_url":"https:\/\/agugiarofigna.com\/de\/initiativen\/agugiaro-figna-fuer-urbane-kunst\/","og_site_name":"Agugiaro&amp;Figna","article_publisher":"https:\/\/www.facebook.com\/AgugiaroeFigna","article_published_time":"2024-12-17T21:27:15+00:00","article_modified_time":"2025-01-31T17:52:09+00:00","og_image":[{"width":609,"height":383,"url":"https:\/\/agugiarofigna.com\/wp-content\/uploads\/2024\/12\/AF-Arte.jpg","type":"image\/jpeg"}],"author":"admin","twitter_card":"summary_large_image","twitter_misc":{"Verfasst von":"admin","Gesch\u00e4tzte Lesezeit":"2\u00a0Minuten"},"schema":{"@context":"https:\/\/schema.org","@graph":[{"@type":"Article","@id":"https:\/\/agugiarofigna.com\/de\/initiativen\/agugiaro-figna-fuer-urbane-kunst\/#article","isPartOf":{"@id":"https:\/\/agugiarofigna.com\/de\/initiativen\/agugiaro-figna-fuer-urbane-kunst\/"},"author":{"name":"admin","@id":"https:\/\/agugiarofigna.com\/#\/schema\/person\/7ae1db0d54a8d4c316ce1fbef128f27c"},"headline":"Agugiaro &amp; Figna f\u00fcr urbane Kunst","datePublished":"2024-12-17T21:27:15+00:00","dateModified":"2025-01-31T17:52:09+00:00","mainEntityOfPage":{"@id":"https:\/\/agugiarofigna.com\/de\/initiativen\/agugiaro-figna-fuer-urbane-kunst\/"},"wordCount":409,"publisher":{"@id":"https:\/\/agugiarofigna.com\/#organization"},"image":{"@id":"https:\/\/agugiarofigna.com\/de\/initiativen\/agugiaro-figna-fuer-urbane-kunst\/#primaryimage"},"thumbnailUrl":"https:\/\/agugiarofigna.com\/wp-content\/uploads\/2024\/12\/AF-Arte.jpg","articleSection":["Ereignisse","Initiativen"],"inLanguage":"de"},{"@type":"WebPage","@id":"https:\/\/agugiarofigna.com\/de\/initiativen\/agugiaro-figna-fuer-urbane-kunst\/","url":"https:\/\/agugiarofigna.com\/de\/initiativen\/agugiaro-figna-fuer-urbane-kunst\/","name":"Agugiaro &amp; Figna f\u00fcr urbane Kunst - Agugiaro&amp;Figna","isPartOf":{"@id":"https:\/\/agugiarofigna.com\/#website"},"primaryImageOfPage":{"@id":"https:\/\/agugiarofigna.com\/de\/initiativen\/agugiaro-figna-fuer-urbane-kunst\/#primaryimage"},"image":{"@id":"https:\/\/agugiarofigna.com\/de\/initiativen\/agugiaro-figna-fuer-urbane-kunst\/#primaryimage"},"thumbnailUrl":"https:\/\/agugiarofigna.com\/wp-content\/uploads\/2024\/12\/AF-Arte.jpg","datePublished":"2024-12-17T21:27:15+00:00","dateModified":"2025-01-31T17:52:09+00:00","breadcrumb":{"@id":"https:\/\/agugiarofigna.com\/de\/initiativen\/agugiaro-figna-fuer-urbane-kunst\/#breadcrumb"},"inLanguage":"de","potentialAction":[{"@type":"ReadAction","target":["https:\/\/agugiarofigna.com\/de\/initiativen\/agugiaro-figna-fuer-urbane-kunst\/"]}]},{"@type":"ImageObject","inLanguage":"de","@id":"https:\/\/agugiarofigna.com\/de\/initiativen\/agugiaro-figna-fuer-urbane-kunst\/#primaryimage","url":"https:\/\/agugiarofigna.com\/wp-content\/uploads\/2024\/12\/AF-Arte.jpg","contentUrl":"https:\/\/agugiarofigna.com\/wp-content\/uploads\/2024\/12\/AF-Arte.jpg","width":609,"height":383},{"@type":"BreadcrumbList","@id":"https:\/\/agugiarofigna.com\/de\/initiativen\/agugiaro-figna-fuer-urbane-kunst\/#breadcrumb","itemListElement":[{"@type":"ListItem","position":1,"name":"Home","item":"https:\/\/agugiarofigna.com\/"},{"@type":"ListItem","position":2,"name":"Agugiaro &amp; Figna f\u00fcr urbane Kunst"}]},{"@type":"WebSite","@id":"https:\/\/agugiarofigna.com\/#website","url":"https:\/\/agugiarofigna.com\/","name":"Agugiaro&Figna","description":"","publisher":{"@id":"https:\/\/agugiarofigna.com\/#organization"},"potentialAction":[{"@type":"SearchAction","target":{"@type":"EntryPoint","urlTemplate":"https:\/\/agugiarofigna.com\/?s={search_term_string}"},"query-input":{"@type":"PropertyValueSpecification","valueRequired":true,"valueName":"search_term_string"}}],"inLanguage":"de"},{"@type":"Organization","@id":"https:\/\/agugiarofigna.com\/#organization","name":"Agugiaro&Figna","url":"https:\/\/agugiarofigna.com\/","logo":{"@type":"ImageObject","inLanguage":"de","@id":"https:\/\/agugiarofigna.com\/#\/schema\/logo\/image\/","url":"https:\/\/agugiarofigna.com\/wp-content\/uploads\/2024\/12\/Logo-Agugiaro-Figna.svg","contentUrl":"https:\/\/agugiarofigna.com\/wp-content\/uploads\/2024\/12\/Logo-Agugiaro-Figna.svg","width":710,"height":125,"caption":"Agugiaro&Figna"},"image":{"@id":"https:\/\/agugiarofigna.com\/#\/schema\/logo\/image\/"},"sameAs":["https:\/\/www.facebook.com\/AgugiaroeFigna","https:\/\/www.instagram.com\/moliniagugiaroefigna\/#"]},{"@type":"Person","@id":"https:\/\/agugiarofigna.com\/#\/schema\/person\/7ae1db0d54a8d4c316ce1fbef128f27c","name":"admin","image":{"@type":"ImageObject","inLanguage":"de","@id":"https:\/\/secure.gravatar.com\/avatar\/5edb4df5e2959cba313f23cb81d70d9233dad5fed62a756d80df55fa53e32990?s=96&d=mm&r=g","url":"https:\/\/secure.gravatar.com\/avatar\/5edb4df5e2959cba313f23cb81d70d9233dad5fed62a756d80df55fa53e32990?s=96&d=mm&r=g","contentUrl":"https:\/\/secure.gravatar.com\/avatar\/5edb4df5e2959cba313f23cb81d70d9233dad5fed62a756d80df55fa53e32990?s=96&d=mm&r=g","caption":"admin"},"sameAs":["https:\/\/agugiarofigna.com"],"url":"https:\/\/agugiarofigna.com\/de\/author\/eddy_4j3pad7g\/"}]}},"_links":{"self":[{"href":"https:\/\/agugiarofigna.com\/de\/wp-json\/wp\/v2\/posts\/4545","targetHints":{"allow":["GET"]}}],"collection":[{"href":"https:\/\/agugiarofigna.com\/de\/wp-json\/wp\/v2\/posts"}],"about":[{"href":"https:\/\/agugiarofigna.com\/de\/wp-json\/wp\/v2\/types\/post"}],"author":[{"embeddable":true,"href":"https:\/\/agugiarofigna.com\/de\/wp-json\/wp\/v2\/users\/1"}],"replies":[{"embeddable":true,"href":"https:\/\/agugiarofigna.com\/de\/wp-json\/wp\/v2\/comments?post=4545"}],"version-history":[{"count":1,"href":"https:\/\/agugiarofigna.com\/de\/wp-json\/wp\/v2\/posts\/4545\/revisions"}],"predecessor-version":[{"id":4549,"href":"https:\/\/agugiarofigna.com\/de\/wp-json\/wp\/v2\/posts\/4545\/revisions\/4549"}],"wp:featuredmedia":[{"embeddable":true,"href":"https:\/\/agugiarofigna.com\/de\/wp-json\/wp\/v2\/media\/4547"}],"wp:attachment":[{"href":"https:\/\/agugiarofigna.com\/de\/wp-json\/wp\/v2\/media?parent=4545"}],"wp:term":[{"taxonomy":"category","embeddable":true,"href":"https:\/\/agugiarofigna.com\/de\/wp-json\/wp\/v2\/categories?post=4545"},{"taxonomy":"post_tag","embeddable":true,"href":"https:\/\/agugiarofigna.com\/de\/wp-json\/wp\/v2\/tags?post=4545"}],"curies":[{"name":"wp","href":"https:\/\/api.w.org\/{rel}","templated":true}]}}