{"id":4277,"date":"2020-12-18T15:43:00","date_gmt":"2020-12-18T14:43:00","guid":{"rendered":"https:\/\/agugiarofigna.com\/sin-categorizar\/de-las-naciones-unidas-a-collecchio-11-historias-de-arboles-adecuados-en-el-lugar-adecuado-y-para-el-fin-adecuado-en-el-nuevo-numero-de-reticula-la-revista-de-ispra\/"},"modified":"2025-06-26T11:22:02","modified_gmt":"2025-06-26T09:22:02","slug":"de-las-naciones-unidas-a-collecchio-11-historias-de-arboles-adecuados-en-el-lugar-adecuado-y-para-el-fin-adecuado-en-el-nuevo-numero-de-reticula-la-revista-de-ispra","status":"publish","type":"post","link":"https:\/\/agugiarofigna.com\/es\/sin-categorizar\/de-las-naciones-unidas-a-collecchio-11-historias-de-arboles-adecuados-en-el-lugar-adecuado-y-para-el-fin-adecuado-en-el-nuevo-numero-de-reticula-la-revista-de-ispra\/","title":{"rendered":"De las Naciones Unidas a Collecchio: 11 historias de \u00e1rboles adecuados, en el lugar adecuado y para el fin adecuado, en el nuevo n\u00famero de RETICULA, la revista de ISPRA"},"content":{"rendered":"&#13;\n<p><strong><br\/>De las Naciones Unidas a Collecchio: 11 historias de \u00e1rboles adecuados, en el lugar adecuado y para el fin adecuado, en el nuevo n\u00famero de RETICULA, revista del Istituto Superiore per la Protezione e la Ricerca Ambientale (ISPRA).<\/strong><\/p>&#13;\n&#13;\n<p><strong>  M\u00e1s de 4.000 ejemplares fueron solicitados por ministerios, regiones, municipios, universidades, parques, ciudadanos, &#8230;<br\/><br\/>El proyecto \u00abIl Bosco del Molino\u00bb promovido por Agugiaro &amp; Figna, entre los seleccionados por RETICULA. La compensaci\u00f3n de<sub>CO2<\/sub>, la conectividad ecol\u00f3gica y la inspiraci\u00f3n que la belleza de los paisajes de la campi\u00f1a de Parma encontrar\u00e1n en los \u00c1rboles y Arbustos del Bosque. <\/strong><\/p>&#13;\n&#13;\n<p><br\/><br\/><strong>El Bosco del Molino di Collecchio figura entre los 11 proyectos de excelencia descritos en las 150 p\u00e1ginas del n\u00famero 25 de la revista cient\u00edfica RETICULA de ISPRA.<\/strong> El art\u00edculo forma parte de un amplio estudio de 150 p\u00e1ginas con el que, desde la editorial de la Divisi\u00f3n Forestal de las Naciones Unidas hasta el Bosco del Molino di Collecchio (Parma), se inaugura un nuevo a\u00f1o editorial a trav\u00e9s de una monograf\u00eda dedicada a la forestaci\u00f3n y reforestaci\u00f3n en Italia. Se narran y describen 11, como se ha dicho, proyectos de excelencia, considerados coherentes con el \u00ab<strong><em>Plan Estrat\u00e9gico de las Naciones Unidas para los Bosques 2030<\/em><\/strong>\u00bb (PNUD2030) de 2017, que constituye la referencia mundial para la gesti\u00f3n de los bosques del Planeta y de<em>los \u00ab\u00e1rboles fuera de los bosques<\/em>\u00ab. Y entre estos once proyectos tambi\u00e9n se incluy\u00f3 <strong><em>El Bosque del Molino<\/em><\/strong> promovido por<strong> Agugiaro&amp;Figna, <\/strong>en colaboraci\u00f3n con<strong> CINSA <\/strong>(Consorzio Interuniversitario Nazionale Scienze Ambientali), para apoyar el territorio y su biodiversidad, apostando por opciones cada vez m\u00e1s ecosostenibles.   <\/p>&#13;\n&#13;\n<p><br\/>Los bosques cubren el 31% de la masa terrestre y albergan el 80% de la biomasa del planeta, dando cobijo a m\u00e1s de la mitad de las especies animales y vegetales, un patrimonio que en Italia cuenta con numerosas entidades p\u00fablicas y privadas capaces de un dise\u00f1o de excelencia que est\u00e1 garantizando, en estos momentos de grave incertidumbre pand\u00e9mica un futuro de resiliencia social y medioambiental, que va del Piamonte a Molise, del Gran Sasso a la Reggia di Venaria, proponiendo el uso de big data e IOT (Internet of Trees) para la gesti\u00f3n forestal y nuevos modelos de negocio para la venta de los servicios ecosist\u00e9micos generados por los \u00e1rboles, hasta el proyecto Bosco del Molino di Collecchio, promovido por Agugiaro &amp; Figna.<\/p>&#13;\n&#13;\n<p>El proyecto del Grupo Molitorio fue elegido por el Comit\u00e9 Cient\u00edfico de RETICULA no s\u00f3lo por su compensaci\u00f3n de<sub>CO2<\/sub> y su conectividad ecol\u00f3gica, sino tambi\u00e9n por la especial inspiraci\u00f3n que el Bosque del Molino extrae de la belleza de los paisajes que se van a recrear en la campi\u00f1a de Parma. Esto se har\u00e1 a trav\u00e9s de un dise\u00f1o innovador que asocia la expresi\u00f3n del paisaje con el valor naturalista y cultural de las 13 hect\u00e1reas que abarca la intervenci\u00f3n, que comenz\u00f3 el pasado mes de julio y cuya finalizaci\u00f3n est\u00e1 prevista para noviembre de este a\u00f1o. <\/p>&#13;\n&#13;\n<p><em>\u00abEl paisaje de la llanura parmesana pr\u00f3xima a las colinas, estudiado y descrito por el cr\u00edtico de arte Roberto Tassi en sus vol\u00famenes de hace treinta a\u00f1os, embellecer\u00e1 una fachada de 700 metros de la zona boscosa. <\/em><strong><em>El proyecto<\/em><\/strong> &#8211; <strong> explica <\/strong>la Dra. <strong>Rosanna Figna, <\/strong><strong>responsable de<\/strong><strong>Calidad, Investigaci\u00f3n y Desarrollo de la empresa y <\/strong><strong>directora de obras-<\/strong> <strong><em>es una respuesta a un desequilibrio medioambiental que hay que corregir y, al mismo tiempo, una respuesta a la b\u00fasqueda y el deseo de disfrutar de una nueva belleza a trav\u00e9s de un lugar que se convertir\u00e1 en un espacio para la recreaci\u00f3n, la meditaci\u00f3n, el teatro, la b\u00fasqueda de la armon\u00eda y la producci\u00f3n de cultura\u00bb.<\/em><\/strong><\/p>&#13;\n&#13;\n<p><strong><em>El Bosque del Molino<\/em><\/strong> se construir\u00e1 en terrenos adyacentes a la planta de la empresa del grupo en Collecchio, en la provincia de Parma, y supondr\u00e1 la forestaci\u00f3n de un total de 13 hect\u00e1reas, 10 de las cuales ser\u00e1n de bosque natural y 3 de alamedas. En el bosque se plantar\u00e1n 15.000 \u00e1rboles, arbustos y esencias oficiales. La gran zona verde podr\u00e1 absorber todo el<sub>CO2<\/sub> emitido por las f\u00e1bricas de Agugiaro &amp; Figna en el curso de las actividades de transformaci\u00f3n del grano. Se trata, por tanto, de un gran y ambicioso proyecto con el que la empresa se compromete de forma concreta a mirar al presente y al futuro con respeto, no s\u00f3lo por el medio ambiente, sino tambi\u00e9n por el territorio local y sus habitantes, iniciando un proceso encaminado a proteger el medio ambiente y el ecosistema como patrimonio renovable. El <strong>Bosco del<\/strong> Molino parte de la conciencia de que la cuesti\u00f3n medioambiental es ineludible y de la necesidad de dejar un legado a las generaciones futuras. Se trata de un proyecto en ciernes, ya que no s\u00f3lo se trata de innovar a trav\u00e9s de la sostenibilidad, sino tambi\u00e9n de ofrecer un espacio verde abierto y accesible al servicio de los ciudadanos, escolares, profesores e investigadores, a los artistas como un nuevo espacio para realizar diferentes actividades: desde el recreo al estudio, desde la investigaci\u00f3n cient\u00edfica a la cultura, redescubriendo en \u00e9l el sentido de pertenencia a una comunidad.     <\/p>&#13;\n&#13;\n<p><br\/><strong>Sobre Agugiaro &amp; Figna Molini<\/strong><\/p>&#13;\n&#13;\n<p>Desde el siglo XV, el Grupo Agugiaro&amp;Figna cuida y muele el trigo. \u00ab<em>Cada grano de trigo, as\u00ed como cada variedad, encierra el sentido del viaje que realiza, partiendo del campo con la siembra de la semilla, para luego, a trav\u00e9s de un proceso lento y suave, llegar a nuestras mesas<\/em>\u00ab. \u00c9sta es la filosof\u00eda que gu\u00eda y anima el trabajo de la empresa, nacida de la fusi\u00f3n de dos familias hist\u00f3ricas, que durante seis generaciones se ha dedicado a la molienda con pasi\u00f3n, conocimiento, t\u00e9cnica y dedicaci\u00f3n. <\/p>&#13;\n&#13;\n<p>Seg\u00fan Agugiaro&amp;Figna, la harina cuenta una historia, o m\u00e1s bien diferentes historias unidas por un \u00fanico elemento: <strong>la harina<\/strong>. Esta es la magia del trigo encerrada en la capacidad de hablar de las personas que lo trabajan con respeto, conciencia y t\u00e9cnica en un di\u00e1logo continuo entre tradici\u00f3n e innovaci\u00f3n; pero tambi\u00e9n nos habla de la tierra y de sus cualidades, historia y caracter\u00edsticas. Es desde el campo donde comienza nuestro compromiso con el respeto al medio ambiente, el trabajo, los alimentos y las personas.  <\/p>&#13;\n&#13;\n<p>El inter\u00e9s de la empresa por los aspectos funcionales de la harina la llev\u00f3 a ser la primera en desarrollar una l\u00ednea espec\u00edfica para la pizza y la \u00fanica empresa molinera que produce levadura madre. Se ha creado una gama de productos para cada sector alimentario: cocina, panader\u00eda, pasteler\u00eda, pizzer\u00eda, experimentando con las caracter\u00edsticas y las interacciones con otros ingredientes. Los valores rectores de la empresa pretenden preservar la autenticidad del trigo, garantizar un rendimiento t\u00e9cnico pertinente y asegurar un medio ambiente sostenible. La molienda es suave y gradual, de variedades de trigo \u00fanicas, para respetar las cualidades aut\u00f3ctonas. La calidad t\u00e9cnica y funcional se garantiza mezclando las harinas en mezclas equilibradas de diferentes caracter\u00edsticas. La pasi\u00f3n por la calidad y la naturalidad orienta las elecciones hacia la adopci\u00f3n de energ\u00eda procedente de fuentes renovables, hacia harinas ecol\u00f3gicas, hacia nuevas extracciones que realzan la autenticidad del trigo.     <\/p>&#13;\n","protected":false},"excerpt":{"rendered":"<p>&#13; De las Naciones Unidas a Collecchio: 11 historias de \u00e1rboles adecuados, en el lugar adecuado y para el fin adecuado, en el nuevo n\u00famero [&hellip;]<\/p>\n","protected":false},"author":2,"featured_media":0,"comment_status":"closed","ping_status":"closed","sticky":false,"template":"","format":"standard","meta":{"_acf_changed":false,"footnotes":""},"categories":[52],"tags":[],"class_list":["post-4277","post","type-post","status-publish","format-standard","hentry","category-sin-categorizar"],"acf":[],"yoast_head":"<!-- This site is optimized with the Yoast SEO plugin v27.4 - https:\/\/yoast.com\/product\/yoast-seo-wordpress\/ -->\n<title>De las Naciones Unidas a Collecchio: 11 historias de \u00e1rboles adecuados, en el lugar adecuado y para el fin adecuado, en el nuevo n\u00famero de RETICULA, la revista de ISPRA - Agugiaro&amp;Figna<\/title>\n<meta name=\"robots\" content=\"index, follow, max-snippet:-1, max-image-preview:large, max-video-preview:-1\" \/>\n<link rel=\"canonical\" href=\"https:\/\/agugiarofigna.com\/es\/sin-categorizar\/de-las-naciones-unidas-a-collecchio-11-historias-de-arboles-adecuados-en-el-lugar-adecuado-y-para-el-fin-adecuado-en-el-nuevo-numero-de-reticula-la-revista-de-ispra\/\" \/>\n<meta property=\"og:locale\" content=\"es_ES\" \/>\n<meta property=\"og:type\" content=\"article\" \/>\n<meta property=\"og:title\" content=\"De las Naciones Unidas a Collecchio: 11 historias de \u00e1rboles adecuados, en el lugar adecuado y para el fin adecuado, en el nuevo n\u00famero de RETICULA, la revista de ISPRA - Agugiaro&amp;Figna\" \/>\n<meta property=\"og:description\" content=\"&#013; De las Naciones Unidas a Collecchio: 11 historias de \u00e1rboles adecuados, en el lugar adecuado y para el fin adecuado, en el nuevo n\u00famero [&hellip;]\" \/>\n<meta property=\"og:url\" content=\"https:\/\/agugiarofigna.com\/es\/sin-categorizar\/de-las-naciones-unidas-a-collecchio-11-historias-de-arboles-adecuados-en-el-lugar-adecuado-y-para-el-fin-adecuado-en-el-nuevo-numero-de-reticula-la-revista-de-ispra\/\" \/>\n<meta property=\"og:site_name\" content=\"Agugiaro&amp;Figna\" \/>\n<meta property=\"article:publisher\" content=\"https:\/\/www.facebook.com\/AgugiaroeFigna\" \/>\n<meta property=\"article:published_time\" content=\"2020-12-18T14:43:00+00:00\" \/>\n<meta property=\"article:modified_time\" content=\"2025-06-26T09:22:02+00:00\" \/>\n<meta name=\"author\" content=\"Gregorio Guerrini\" \/>\n<meta name=\"twitter:card\" content=\"summary_large_image\" \/>\n<meta name=\"twitter:label1\" content=\"Escrito por\" \/>\n\t<meta name=\"twitter:data1\" content=\"Gregorio Guerrini\" \/>\n\t<meta name=\"twitter:label2\" content=\"Tiempo de lectura\" \/>\n\t<meta name=\"twitter:data2\" content=\"6 minutos\" \/>\n<script type=\"application\/ld+json\" class=\"yoast-schema-graph\">{\"@context\":\"https:\\\/\\\/schema.org\",\"@graph\":[{\"@type\":\"Article\",\"@id\":\"https:\\\/\\\/agugiarofigna.com\\\/es\\\/sin-categorizar\\\/de-las-naciones-unidas-a-collecchio-11-historias-de-arboles-adecuados-en-el-lugar-adecuado-y-para-el-fin-adecuado-en-el-nuevo-numero-de-reticula-la-revista-de-ispra\\\/#article\",\"isPartOf\":{\"@id\":\"https:\\\/\\\/agugiarofigna.com\\\/es\\\/sin-categorizar\\\/de-las-naciones-unidas-a-collecchio-11-historias-de-arboles-adecuados-en-el-lugar-adecuado-y-para-el-fin-adecuado-en-el-nuevo-numero-de-reticula-la-revista-de-ispra\\\/\"},\"author\":{\"name\":\"Gregorio Guerrini\",\"@id\":\"https:\\\/\\\/agugiarofigna.com\\\/#\\\/schema\\\/person\\\/b57a6382eedf3080af2faca8d2d20e25\"},\"headline\":\"De las Naciones Unidas a Collecchio: 11 historias de \u00e1rboles adecuados, en el lugar adecuado y para el fin adecuado, en el nuevo n\u00famero de RETICULA, la revista de ISPRA\",\"datePublished\":\"2020-12-18T14:43:00+00:00\",\"dateModified\":\"2025-06-26T09:22:02+00:00\",\"mainEntityOfPage\":{\"@id\":\"https:\\\/\\\/agugiarofigna.com\\\/es\\\/sin-categorizar\\\/de-las-naciones-unidas-a-collecchio-11-historias-de-arboles-adecuados-en-el-lugar-adecuado-y-para-el-fin-adecuado-en-el-nuevo-numero-de-reticula-la-revista-de-ispra\\\/\"},\"wordCount\":1282,\"publisher\":{\"@id\":\"https:\\\/\\\/agugiarofigna.com\\\/#organization\"},\"articleSection\":[\"Sin categorizar\"],\"inLanguage\":\"es\"},{\"@type\":\"WebPage\",\"@id\":\"https:\\\/\\\/agugiarofigna.com\\\/es\\\/sin-categorizar\\\/de-las-naciones-unidas-a-collecchio-11-historias-de-arboles-adecuados-en-el-lugar-adecuado-y-para-el-fin-adecuado-en-el-nuevo-numero-de-reticula-la-revista-de-ispra\\\/\",\"url\":\"https:\\\/\\\/agugiarofigna.com\\\/es\\\/sin-categorizar\\\/de-las-naciones-unidas-a-collecchio-11-historias-de-arboles-adecuados-en-el-lugar-adecuado-y-para-el-fin-adecuado-en-el-nuevo-numero-de-reticula-la-revista-de-ispra\\\/\",\"name\":\"De las Naciones Unidas a Collecchio: 11 historias de \u00e1rboles adecuados, en el lugar adecuado y para el fin adecuado, en el nuevo n\u00famero de RETICULA, la revista de ISPRA - Agugiaro&amp;Figna\",\"isPartOf\":{\"@id\":\"https:\\\/\\\/agugiarofigna.com\\\/#website\"},\"datePublished\":\"2020-12-18T14:43:00+00:00\",\"dateModified\":\"2025-06-26T09:22:02+00:00\",\"breadcrumb\":{\"@id\":\"https:\\\/\\\/agugiarofigna.com\\\/es\\\/sin-categorizar\\\/de-las-naciones-unidas-a-collecchio-11-historias-de-arboles-adecuados-en-el-lugar-adecuado-y-para-el-fin-adecuado-en-el-nuevo-numero-de-reticula-la-revista-de-ispra\\\/#breadcrumb\"},\"inLanguage\":\"es\",\"potentialAction\":[{\"@type\":\"ReadAction\",\"target\":[\"https:\\\/\\\/agugiarofigna.com\\\/es\\\/sin-categorizar\\\/de-las-naciones-unidas-a-collecchio-11-historias-de-arboles-adecuados-en-el-lugar-adecuado-y-para-el-fin-adecuado-en-el-nuevo-numero-de-reticula-la-revista-de-ispra\\\/\"]}]},{\"@type\":\"BreadcrumbList\",\"@id\":\"https:\\\/\\\/agugiarofigna.com\\\/es\\\/sin-categorizar\\\/de-las-naciones-unidas-a-collecchio-11-historias-de-arboles-adecuados-en-el-lugar-adecuado-y-para-el-fin-adecuado-en-el-nuevo-numero-de-reticula-la-revista-de-ispra\\\/#breadcrumb\",\"itemListElement\":[{\"@type\":\"ListItem\",\"position\":1,\"name\":\"Home\",\"item\":\"https:\\\/\\\/agugiarofigna.com\\\/\"},{\"@type\":\"ListItem\",\"position\":2,\"name\":\"De las Naciones Unidas a Collecchio: 11 historias de \u00e1rboles adecuados, en el lugar adecuado y para el fin adecuado, en el nuevo n\u00famero de RETICULA, la revista de ISPRA\"}]},{\"@type\":\"WebSite\",\"@id\":\"https:\\\/\\\/agugiarofigna.com\\\/#website\",\"url\":\"https:\\\/\\\/agugiarofigna.com\\\/\",\"name\":\"Agugiaro&Figna\",\"description\":\"\",\"publisher\":{\"@id\":\"https:\\\/\\\/agugiarofigna.com\\\/#organization\"},\"potentialAction\":[{\"@type\":\"SearchAction\",\"target\":{\"@type\":\"EntryPoint\",\"urlTemplate\":\"https:\\\/\\\/agugiarofigna.com\\\/?s={search_term_string}\"},\"query-input\":{\"@type\":\"PropertyValueSpecification\",\"valueRequired\":true,\"valueName\":\"search_term_string\"}}],\"inLanguage\":\"es\"},{\"@type\":\"Organization\",\"@id\":\"https:\\\/\\\/agugiarofigna.com\\\/#organization\",\"name\":\"Agugiaro&Figna\",\"url\":\"https:\\\/\\\/agugiarofigna.com\\\/\",\"logo\":{\"@type\":\"ImageObject\",\"inLanguage\":\"es\",\"@id\":\"https:\\\/\\\/agugiarofigna.com\\\/#\\\/schema\\\/logo\\\/image\\\/\",\"url\":\"https:\\\/\\\/agugiarofigna.com\\\/wp-content\\\/uploads\\\/2024\\\/12\\\/Logo-Agugiaro-Figna.svg\",\"contentUrl\":\"https:\\\/\\\/agugiarofigna.com\\\/wp-content\\\/uploads\\\/2024\\\/12\\\/Logo-Agugiaro-Figna.svg\",\"width\":710,\"height\":125,\"caption\":\"Agugiaro&Figna\"},\"image\":{\"@id\":\"https:\\\/\\\/agugiarofigna.com\\\/#\\\/schema\\\/logo\\\/image\\\/\"},\"sameAs\":[\"https:\\\/\\\/www.facebook.com\\\/AgugiaroeFigna\",\"https:\\\/\\\/www.instagram.com\\\/moliniagugiaroefigna\\\/#\"]},{\"@type\":\"Person\",\"@id\":\"https:\\\/\\\/agugiarofigna.com\\\/#\\\/schema\\\/person\\\/b57a6382eedf3080af2faca8d2d20e25\",\"name\":\"Gregorio Guerrini\",\"image\":{\"@type\":\"ImageObject\",\"inLanguage\":\"es\",\"@id\":\"https:\\\/\\\/secure.gravatar.com\\\/avatar\\\/d632a82d325990f4d1a7e91c088859eb32b90e2ccd45676db28225c1cf84b4c6?s=96&d=mm&r=g\",\"url\":\"https:\\\/\\\/secure.gravatar.com\\\/avatar\\\/d632a82d325990f4d1a7e91c088859eb32b90e2ccd45676db28225c1cf84b4c6?s=96&d=mm&r=g\",\"contentUrl\":\"https:\\\/\\\/secure.gravatar.com\\\/avatar\\\/d632a82d325990f4d1a7e91c088859eb32b90e2ccd45676db28225c1cf84b4c6?s=96&d=mm&r=g\",\"caption\":\"Gregorio Guerrini\"},\"url\":\"https:\\\/\\\/agugiarofigna.com\\\/es\\\/author\\\/gregorio\\\/\"}]}<\/script>\n<!-- \/ Yoast SEO plugin. -->","yoast_head_json":{"title":"De las Naciones Unidas a Collecchio: 11 historias de \u00e1rboles adecuados, en el lugar adecuado y para el fin adecuado, en el nuevo n\u00famero de RETICULA, la revista de ISPRA - Agugiaro&amp;Figna","robots":{"index":"index","follow":"follow","max-snippet":"max-snippet:-1","max-image-preview":"max-image-preview:large","max-video-preview":"max-video-preview:-1"},"canonical":"https:\/\/agugiarofigna.com\/es\/sin-categorizar\/de-las-naciones-unidas-a-collecchio-11-historias-de-arboles-adecuados-en-el-lugar-adecuado-y-para-el-fin-adecuado-en-el-nuevo-numero-de-reticula-la-revista-de-ispra\/","og_locale":"es_ES","og_type":"article","og_title":"De las Naciones Unidas a Collecchio: 11 historias de \u00e1rboles adecuados, en el lugar adecuado y para el fin adecuado, en el nuevo n\u00famero de RETICULA, la revista de ISPRA - Agugiaro&amp;Figna","og_description":"&#13; De las Naciones Unidas a Collecchio: 11 historias de \u00e1rboles adecuados, en el lugar adecuado y para el fin adecuado, en el nuevo n\u00famero [&hellip;]","og_url":"https:\/\/agugiarofigna.com\/es\/sin-categorizar\/de-las-naciones-unidas-a-collecchio-11-historias-de-arboles-adecuados-en-el-lugar-adecuado-y-para-el-fin-adecuado-en-el-nuevo-numero-de-reticula-la-revista-de-ispra\/","og_site_name":"Agugiaro&amp;Figna","article_publisher":"https:\/\/www.facebook.com\/AgugiaroeFigna","article_published_time":"2020-12-18T14:43:00+00:00","article_modified_time":"2025-06-26T09:22:02+00:00","author":"Gregorio Guerrini","twitter_card":"summary_large_image","twitter_misc":{"Escrito por":"Gregorio Guerrini","Tiempo de lectura":"6 minutos"},"schema":{"@context":"https:\/\/schema.org","@graph":[{"@type":"Article","@id":"https:\/\/agugiarofigna.com\/es\/sin-categorizar\/de-las-naciones-unidas-a-collecchio-11-historias-de-arboles-adecuados-en-el-lugar-adecuado-y-para-el-fin-adecuado-en-el-nuevo-numero-de-reticula-la-revista-de-ispra\/#article","isPartOf":{"@id":"https:\/\/agugiarofigna.com\/es\/sin-categorizar\/de-las-naciones-unidas-a-collecchio-11-historias-de-arboles-adecuados-en-el-lugar-adecuado-y-para-el-fin-adecuado-en-el-nuevo-numero-de-reticula-la-revista-de-ispra\/"},"author":{"name":"Gregorio Guerrini","@id":"https:\/\/agugiarofigna.com\/#\/schema\/person\/b57a6382eedf3080af2faca8d2d20e25"},"headline":"De las Naciones Unidas a Collecchio: 11 historias de \u00e1rboles adecuados, en el lugar adecuado y para el fin adecuado, en el nuevo n\u00famero de RETICULA, la revista de ISPRA","datePublished":"2020-12-18T14:43:00+00:00","dateModified":"2025-06-26T09:22:02+00:00","mainEntityOfPage":{"@id":"https:\/\/agugiarofigna.com\/es\/sin-categorizar\/de-las-naciones-unidas-a-collecchio-11-historias-de-arboles-adecuados-en-el-lugar-adecuado-y-para-el-fin-adecuado-en-el-nuevo-numero-de-reticula-la-revista-de-ispra\/"},"wordCount":1282,"publisher":{"@id":"https:\/\/agugiarofigna.com\/#organization"},"articleSection":["Sin categorizar"],"inLanguage":"es"},{"@type":"WebPage","@id":"https:\/\/agugiarofigna.com\/es\/sin-categorizar\/de-las-naciones-unidas-a-collecchio-11-historias-de-arboles-adecuados-en-el-lugar-adecuado-y-para-el-fin-adecuado-en-el-nuevo-numero-de-reticula-la-revista-de-ispra\/","url":"https:\/\/agugiarofigna.com\/es\/sin-categorizar\/de-las-naciones-unidas-a-collecchio-11-historias-de-arboles-adecuados-en-el-lugar-adecuado-y-para-el-fin-adecuado-en-el-nuevo-numero-de-reticula-la-revista-de-ispra\/","name":"De las Naciones Unidas a Collecchio: 11 historias de \u00e1rboles adecuados, en el lugar adecuado y para el fin adecuado, en el nuevo n\u00famero de RETICULA, la revista de ISPRA - Agugiaro&amp;Figna","isPartOf":{"@id":"https:\/\/agugiarofigna.com\/#website"},"datePublished":"2020-12-18T14:43:00+00:00","dateModified":"2025-06-26T09:22:02+00:00","breadcrumb":{"@id":"https:\/\/agugiarofigna.com\/es\/sin-categorizar\/de-las-naciones-unidas-a-collecchio-11-historias-de-arboles-adecuados-en-el-lugar-adecuado-y-para-el-fin-adecuado-en-el-nuevo-numero-de-reticula-la-revista-de-ispra\/#breadcrumb"},"inLanguage":"es","potentialAction":[{"@type":"ReadAction","target":["https:\/\/agugiarofigna.com\/es\/sin-categorizar\/de-las-naciones-unidas-a-collecchio-11-historias-de-arboles-adecuados-en-el-lugar-adecuado-y-para-el-fin-adecuado-en-el-nuevo-numero-de-reticula-la-revista-de-ispra\/"]}]},{"@type":"BreadcrumbList","@id":"https:\/\/agugiarofigna.com\/es\/sin-categorizar\/de-las-naciones-unidas-a-collecchio-11-historias-de-arboles-adecuados-en-el-lugar-adecuado-y-para-el-fin-adecuado-en-el-nuevo-numero-de-reticula-la-revista-de-ispra\/#breadcrumb","itemListElement":[{"@type":"ListItem","position":1,"name":"Home","item":"https:\/\/agugiarofigna.com\/"},{"@type":"ListItem","position":2,"name":"De las Naciones Unidas a Collecchio: 11 historias de \u00e1rboles adecuados, en el lugar adecuado y para el fin adecuado, en el nuevo n\u00famero de RETICULA, la revista de ISPRA"}]},{"@type":"WebSite","@id":"https:\/\/agugiarofigna.com\/#website","url":"https:\/\/agugiarofigna.com\/","name":"Agugiaro&Figna","description":"","publisher":{"@id":"https:\/\/agugiarofigna.com\/#organization"},"potentialAction":[{"@type":"SearchAction","target":{"@type":"EntryPoint","urlTemplate":"https:\/\/agugiarofigna.com\/?s={search_term_string}"},"query-input":{"@type":"PropertyValueSpecification","valueRequired":true,"valueName":"search_term_string"}}],"inLanguage":"es"},{"@type":"Organization","@id":"https:\/\/agugiarofigna.com\/#organization","name":"Agugiaro&Figna","url":"https:\/\/agugiarofigna.com\/","logo":{"@type":"ImageObject","inLanguage":"es","@id":"https:\/\/agugiarofigna.com\/#\/schema\/logo\/image\/","url":"https:\/\/agugiarofigna.com\/wp-content\/uploads\/2024\/12\/Logo-Agugiaro-Figna.svg","contentUrl":"https:\/\/agugiarofigna.com\/wp-content\/uploads\/2024\/12\/Logo-Agugiaro-Figna.svg","width":710,"height":125,"caption":"Agugiaro&Figna"},"image":{"@id":"https:\/\/agugiarofigna.com\/#\/schema\/logo\/image\/"},"sameAs":["https:\/\/www.facebook.com\/AgugiaroeFigna","https:\/\/www.instagram.com\/moliniagugiaroefigna\/#"]},{"@type":"Person","@id":"https:\/\/agugiarofigna.com\/#\/schema\/person\/b57a6382eedf3080af2faca8d2d20e25","name":"Gregorio Guerrini","image":{"@type":"ImageObject","inLanguage":"es","@id":"https:\/\/secure.gravatar.com\/avatar\/d632a82d325990f4d1a7e91c088859eb32b90e2ccd45676db28225c1cf84b4c6?s=96&d=mm&r=g","url":"https:\/\/secure.gravatar.com\/avatar\/d632a82d325990f4d1a7e91c088859eb32b90e2ccd45676db28225c1cf84b4c6?s=96&d=mm&r=g","contentUrl":"https:\/\/secure.gravatar.com\/avatar\/d632a82d325990f4d1a7e91c088859eb32b90e2ccd45676db28225c1cf84b4c6?s=96&d=mm&r=g","caption":"Gregorio Guerrini"},"url":"https:\/\/agugiarofigna.com\/es\/author\/gregorio\/"}]}},"_links":{"self":[{"href":"https:\/\/agugiarofigna.com\/es\/wp-json\/wp\/v2\/posts\/4277","targetHints":{"allow":["GET"]}}],"collection":[{"href":"https:\/\/agugiarofigna.com\/es\/wp-json\/wp\/v2\/posts"}],"about":[{"href":"https:\/\/agugiarofigna.com\/es\/wp-json\/wp\/v2\/types\/post"}],"author":[{"embeddable":true,"href":"https:\/\/agugiarofigna.com\/es\/wp-json\/wp\/v2\/users\/2"}],"replies":[{"embeddable":true,"href":"https:\/\/agugiarofigna.com\/es\/wp-json\/wp\/v2\/comments?post=4277"}],"version-history":[{"count":2,"href":"https:\/\/agugiarofigna.com\/es\/wp-json\/wp\/v2\/posts\/4277\/revisions"}],"predecessor-version":[{"id":6266,"href":"https:\/\/agugiarofigna.com\/es\/wp-json\/wp\/v2\/posts\/4277\/revisions\/6266"}],"wp:attachment":[{"href":"https:\/\/agugiarofigna.com\/es\/wp-json\/wp\/v2\/media?parent=4277"}],"wp:term":[{"taxonomy":"category","embeddable":true,"href":"https:\/\/agugiarofigna.com\/es\/wp-json\/wp\/v2\/categories?post=4277"},{"taxonomy":"post_tag","embeddable":true,"href":"https:\/\/agugiarofigna.com\/es\/wp-json\/wp\/v2\/tags?post=4277"}],"curies":[{"name":"wp","href":"https:\/\/api.w.org\/{rel}","templated":true}]}}