{"id":4387,"date":"2023-05-18T11:56:00","date_gmt":"2023-05-18T09:56:00","guid":{"rendered":"https:\/\/agugiarofigna.com\/non-classifiee\/troisieme-edition-de-molini-a-porte-aperte\/"},"modified":"2025-01-31T18:51:37","modified_gmt":"2025-01-31T17:51:37","slug":"troisieme-edition-de-molini-a-porte-aperte","status":"publish","type":"post","link":"https:\/\/agugiarofigna.com\/fr\/evenements\/troisieme-edition-de-molini-a-porte-aperte\/","title":{"rendered":"Troisi\u00e8me \u00e9dition de Molini A Porte Aperte"},"content":{"rendered":"\n<p>Le <strong>samedi 20 mai<\/strong> aura lieu le retour de<strong>\u00ab\u00a0Molini a Porte Aperte<\/strong>\u00ab\u00a0, l&rsquo;\u00e9v\u00e9nement organis\u00e9 par <strong>Italmopa<\/strong>, au cours duquel vous aurez l&rsquo;occasion unique d&rsquo;entrer dans le monde d&rsquo;<strong>Agugiaro &amp; Figna Molini<\/strong>, de visiter nos usines de <strong>Curtarolo<\/strong> et<strong> Collecchio<\/strong>, d&rsquo;apprendre le processus de mouture du bl\u00e9 et de d\u00e9couvrir comment sont cr\u00e9\u00e9s les diff\u00e9rents types de farine.<\/p>\n\n<p>La visite d\u00e9butera par une pr\u00e9sentation du monde du bl\u00e9, de l&rsquo;\u00e9tat actuel du march\u00e9 et des types de produits fabriqu\u00e9s. <a><\/a>Vous aurez ensuite l&rsquo;occasion de voir comment le processus de mouture a \u00e9volu\u00e9 gr\u00e2ce aux nouvelles technologies, tout en conservant son savoir-faire d&rsquo;origine. <\/p>\n\n<p><img decoding=\"async\" height=\"16\" width=\"16\" alt=\"&#x1F449;\" src=\"https:\/\/static.xx.fbcdn.net\/images\/emoji.php\/v9\/taa\/1.5\/16\/1f449.png\"\/>Pour r\u00e9server votre visite, il vous suffit de<\/p>\n\n<p>&#8211; S\u00e9lectionnez le moulin que vous souhaitez visiter en choisissant parmi les options suivantes :<\/p>\n\n<p><strong>MOLINO CURTAROLO<\/strong>: <a href=\"https:\/\/bit.ly\/Curtarolo_MoliniPorteAperte?fbclid=IwAR2uPT2G-GtlTPdwWKiB2XKDS85_cvScNtiC9J-sGAEn_pcx0w8bZRF_cmY\" rel=\"noreferrer noopener\" target=\"_blank\">bit.ly\/Curtarolo_MoliniPorteAperte<\/a><\/p>\n\n<p><strong>MOLINO COLLECCHIO<\/strong>: <a href=\"https:\/\/l.facebook.com\/l.php?u=https%3A%2F%2Fbit.ly%2FCollecchio_MoliniPorteAperte%3Ffbclid%3DIwAR2Pqg9k1jnVkq2Oiyy9cDtaKvxHUEEG1DyVyPvSfqI1knehhUQonh2Zu0U&amp;h=AT1lpkvd18bEZTa70ZCBJA8k_QhBKYjinNgkOK7WlvJlN2SZFdEMmjgjRn2Ly-6qZVDYzH9tV5coptbPJHteQxkcElDN7r0Zxnbj0rtN87aPQ1sjUbIf0itY6-d0i8FOHaGA0UM&amp;__tn__=-UK-R&amp;c%5B0%5D=AT0hAP-jqv5YqXsgiLxmkIYo6IouGxcNZ9vEnRThKUwqtbvjc_CVVNB98N28OGPraoz2GUoia8l_s_RQa6ratymlBIxJ-uamufitKeFRYSizNRBmJ4ESTbQp9qGi2qrD1Nac2894Evu8XKGbfaO__Se5RWYVvV7hEJhqPRUsw7EjRnGFIVvNK9kduLW98CMomD6ZECA8DJlx\" rel=\"noreferrer noopener\" target=\"_blank\">bit.ly\/Collecchio_MoliniPorteAperte<\/a><\/p>\n\n<p>&#8211; Une fois sur la page de l&rsquo;\u00e9v\u00e9nement, s\u00e9lectionnez le cr\u00e9neau horaire de votre choix ;<\/p>\n\n<p>&#8211; Sauvegardez vos billets.<\/p>\n\n<p>Nous vous attendons !<img decoding=\"async\" height=\"16\" width=\"16\" alt=\"&#x1F973;\" src=\"https:\/\/static.xx.fbcdn.net\/images\/emoji.php\/v9\/tc6\/1.5\/16\/1f973.png\"\/><\/p>\n","protected":false},"excerpt":{"rendered":"<p>Le samedi 20 mai aura lieu le retour de\u00ab\u00a0Molini a Porte Aperte\u00ab\u00a0, l&rsquo;\u00e9v\u00e9nement organis\u00e9 par Italmopa, au cours duquel vous aurez l&rsquo;occasion unique d&rsquo;entrer dans [&hellip;]<\/p>\n","protected":false},"author":2,"featured_media":4389,"comment_status":"closed","ping_status":"closed","sticky":false,"template":"","format":"standard","meta":{"_acf_changed":false,"footnotes":""},"categories":[91],"tags":[],"class_list":["post-4387","post","type-post","status-publish","format-standard","has-post-thumbnail","hentry","category-evenements"],"acf":[],"yoast_head":"<!-- This site is optimized with the Yoast SEO plugin v27.5 - https:\/\/yoast.com\/product\/yoast-seo-wordpress\/ -->\n<title>Troisi\u00e8me \u00e9dition de Molini A Porte Aperte - Agugiaro&amp;Figna<\/title>\n<meta name=\"robots\" content=\"index, follow, max-snippet:-1, max-image-preview:large, max-video-preview:-1\" \/>\n<link rel=\"canonical\" href=\"https:\/\/agugiarofigna.com\/fr\/evenements\/troisieme-edition-de-molini-a-porte-aperte\/\" \/>\n<meta property=\"og:locale\" content=\"fr_FR\" \/>\n<meta property=\"og:type\" content=\"article\" \/>\n<meta property=\"og:title\" content=\"Troisi\u00e8me \u00e9dition de Molini A Porte Aperte - Agugiaro&amp;Figna\" \/>\n<meta property=\"og:description\" content=\"Le samedi 20 mai aura lieu le retour de\u00ab\u00a0Molini a Porte Aperte\u00ab\u00a0, l&rsquo;\u00e9v\u00e9nement organis\u00e9 par Italmopa, au cours duquel vous aurez l&rsquo;occasion unique d&rsquo;entrer dans [&hellip;]\" \/>\n<meta property=\"og:url\" content=\"https:\/\/agugiarofigna.com\/fr\/evenements\/troisieme-edition-de-molini-a-porte-aperte\/\" \/>\n<meta property=\"og:site_name\" content=\"Agugiaro&amp;Figna\" \/>\n<meta property=\"article:publisher\" content=\"https:\/\/www.facebook.com\/AgugiaroeFigna\" \/>\n<meta property=\"article:published_time\" content=\"2023-05-18T09:56:00+00:00\" \/>\n<meta property=\"article:modified_time\" content=\"2025-01-31T17:51:37+00:00\" \/>\n<meta property=\"og:image\" content=\"https:\/\/agugiarofigna.com\/wp-content\/uploads\/2024\/12\/Molini-a-porte-aperte.jpeg\" \/>\n\t<meta property=\"og:image:width\" content=\"1920\" \/>\n\t<meta property=\"og:image:height\" content=\"620\" \/>\n\t<meta property=\"og:image:type\" content=\"image\/jpeg\" \/>\n<meta name=\"author\" content=\"Gregorio Guerrini\" \/>\n<meta name=\"twitter:card\" content=\"summary_large_image\" \/>\n<meta name=\"twitter:label1\" content=\"\u00c9crit par\" \/>\n\t<meta name=\"twitter:data1\" content=\"Gregorio Guerrini\" \/>\n\t<meta name=\"twitter:label2\" content=\"Dur\u00e9e de lecture estim\u00e9e\" \/>\n\t<meta name=\"twitter:data2\" content=\"1 minute\" \/>\n<script type=\"application\/ld+json\" class=\"yoast-schema-graph\">{\"@context\":\"https:\\\/\\\/schema.org\",\"@graph\":[{\"@type\":\"Article\",\"@id\":\"https:\\\/\\\/agugiarofigna.com\\\/fr\\\/evenements\\\/troisieme-edition-de-molini-a-porte-aperte\\\/#article\",\"isPartOf\":{\"@id\":\"https:\\\/\\\/agugiarofigna.com\\\/fr\\\/evenements\\\/troisieme-edition-de-molini-a-porte-aperte\\\/\"},\"author\":{\"name\":\"Gregorio Guerrini\",\"@id\":\"https:\\\/\\\/agugiarofigna.com\\\/#\\\/schema\\\/person\\\/b57a6382eedf3080af2faca8d2d20e25\"},\"headline\":\"Troisi\u00e8me \u00e9dition de Molini A Porte Aperte\",\"datePublished\":\"2023-05-18T09:56:00+00:00\",\"dateModified\":\"2025-01-31T17:51:37+00:00\",\"mainEntityOfPage\":{\"@id\":\"https:\\\/\\\/agugiarofigna.com\\\/fr\\\/evenements\\\/troisieme-edition-de-molini-a-porte-aperte\\\/\"},\"wordCount\":187,\"publisher\":{\"@id\":\"https:\\\/\\\/agugiarofigna.com\\\/#organization\"},\"image\":{\"@id\":\"https:\\\/\\\/agugiarofigna.com\\\/fr\\\/evenements\\\/troisieme-edition-de-molini-a-porte-aperte\\\/#primaryimage\"},\"thumbnailUrl\":\"https:\\\/\\\/agugiarofigna.com\\\/wp-content\\\/uploads\\\/2024\\\/12\\\/Molini-a-porte-aperte.jpeg\",\"articleSection\":[\"Ev\u00e9nements\"],\"inLanguage\":\"fr-FR\"},{\"@type\":\"WebPage\",\"@id\":\"https:\\\/\\\/agugiarofigna.com\\\/fr\\\/evenements\\\/troisieme-edition-de-molini-a-porte-aperte\\\/\",\"url\":\"https:\\\/\\\/agugiarofigna.com\\\/fr\\\/evenements\\\/troisieme-edition-de-molini-a-porte-aperte\\\/\",\"name\":\"Troisi\u00e8me \u00e9dition de Molini A Porte Aperte - Agugiaro&amp;Figna\",\"isPartOf\":{\"@id\":\"https:\\\/\\\/agugiarofigna.com\\\/#website\"},\"primaryImageOfPage\":{\"@id\":\"https:\\\/\\\/agugiarofigna.com\\\/fr\\\/evenements\\\/troisieme-edition-de-molini-a-porte-aperte\\\/#primaryimage\"},\"image\":{\"@id\":\"https:\\\/\\\/agugiarofigna.com\\\/fr\\\/evenements\\\/troisieme-edition-de-molini-a-porte-aperte\\\/#primaryimage\"},\"thumbnailUrl\":\"https:\\\/\\\/agugiarofigna.com\\\/wp-content\\\/uploads\\\/2024\\\/12\\\/Molini-a-porte-aperte.jpeg\",\"datePublished\":\"2023-05-18T09:56:00+00:00\",\"dateModified\":\"2025-01-31T17:51:37+00:00\",\"breadcrumb\":{\"@id\":\"https:\\\/\\\/agugiarofigna.com\\\/fr\\\/evenements\\\/troisieme-edition-de-molini-a-porte-aperte\\\/#breadcrumb\"},\"inLanguage\":\"fr-FR\",\"potentialAction\":[{\"@type\":\"ReadAction\",\"target\":[\"https:\\\/\\\/agugiarofigna.com\\\/fr\\\/evenements\\\/troisieme-edition-de-molini-a-porte-aperte\\\/\"]}]},{\"@type\":\"ImageObject\",\"inLanguage\":\"fr-FR\",\"@id\":\"https:\\\/\\\/agugiarofigna.com\\\/fr\\\/evenements\\\/troisieme-edition-de-molini-a-porte-aperte\\\/#primaryimage\",\"url\":\"https:\\\/\\\/agugiarofigna.com\\\/wp-content\\\/uploads\\\/2024\\\/12\\\/Molini-a-porte-aperte.jpeg\",\"contentUrl\":\"https:\\\/\\\/agugiarofigna.com\\\/wp-content\\\/uploads\\\/2024\\\/12\\\/Molini-a-porte-aperte.jpeg\",\"width\":1920,\"height\":620},{\"@type\":\"BreadcrumbList\",\"@id\":\"https:\\\/\\\/agugiarofigna.com\\\/fr\\\/evenements\\\/troisieme-edition-de-molini-a-porte-aperte\\\/#breadcrumb\",\"itemListElement\":[{\"@type\":\"ListItem\",\"position\":1,\"name\":\"Home\",\"item\":\"https:\\\/\\\/agugiarofigna.com\\\/\"},{\"@type\":\"ListItem\",\"position\":2,\"name\":\"Troisi\u00e8me \u00e9dition de Molini A Porte Aperte\"}]},{\"@type\":\"WebSite\",\"@id\":\"https:\\\/\\\/agugiarofigna.com\\\/#website\",\"url\":\"https:\\\/\\\/agugiarofigna.com\\\/\",\"name\":\"Agugiaro&Figna\",\"description\":\"\",\"publisher\":{\"@id\":\"https:\\\/\\\/agugiarofigna.com\\\/#organization\"},\"potentialAction\":[{\"@type\":\"SearchAction\",\"target\":{\"@type\":\"EntryPoint\",\"urlTemplate\":\"https:\\\/\\\/agugiarofigna.com\\\/?s={search_term_string}\"},\"query-input\":{\"@type\":\"PropertyValueSpecification\",\"valueRequired\":true,\"valueName\":\"search_term_string\"}}],\"inLanguage\":\"fr-FR\"},{\"@type\":\"Organization\",\"@id\":\"https:\\\/\\\/agugiarofigna.com\\\/#organization\",\"name\":\"Agugiaro&Figna\",\"url\":\"https:\\\/\\\/agugiarofigna.com\\\/\",\"logo\":{\"@type\":\"ImageObject\",\"inLanguage\":\"fr-FR\",\"@id\":\"https:\\\/\\\/agugiarofigna.com\\\/#\\\/schema\\\/logo\\\/image\\\/\",\"url\":\"https:\\\/\\\/agugiarofigna.com\\\/wp-content\\\/uploads\\\/2024\\\/12\\\/Logo-Agugiaro-Figna.svg\",\"contentUrl\":\"https:\\\/\\\/agugiarofigna.com\\\/wp-content\\\/uploads\\\/2024\\\/12\\\/Logo-Agugiaro-Figna.svg\",\"width\":710,\"height\":125,\"caption\":\"Agugiaro&Figna\"},\"image\":{\"@id\":\"https:\\\/\\\/agugiarofigna.com\\\/#\\\/schema\\\/logo\\\/image\\\/\"},\"sameAs\":[\"https:\\\/\\\/www.facebook.com\\\/AgugiaroeFigna\",\"https:\\\/\\\/www.instagram.com\\\/moliniagugiaroefigna\\\/#\"]},{\"@type\":\"Person\",\"@id\":\"https:\\\/\\\/agugiarofigna.com\\\/#\\\/schema\\\/person\\\/b57a6382eedf3080af2faca8d2d20e25\",\"name\":\"Gregorio Guerrini\",\"image\":{\"@type\":\"ImageObject\",\"inLanguage\":\"fr-FR\",\"@id\":\"https:\\\/\\\/secure.gravatar.com\\\/avatar\\\/d632a82d325990f4d1a7e91c088859eb32b90e2ccd45676db28225c1cf84b4c6?s=96&d=mm&r=g\",\"url\":\"https:\\\/\\\/secure.gravatar.com\\\/avatar\\\/d632a82d325990f4d1a7e91c088859eb32b90e2ccd45676db28225c1cf84b4c6?s=96&d=mm&r=g\",\"contentUrl\":\"https:\\\/\\\/secure.gravatar.com\\\/avatar\\\/d632a82d325990f4d1a7e91c088859eb32b90e2ccd45676db28225c1cf84b4c6?s=96&d=mm&r=g\",\"caption\":\"Gregorio Guerrini\"},\"url\":\"https:\\\/\\\/agugiarofigna.com\\\/fr\\\/author\\\/gregorio\\\/\"}]}<\/script>\n<!-- \/ Yoast SEO plugin. -->","yoast_head_json":{"title":"Troisi\u00e8me \u00e9dition de Molini A Porte Aperte - Agugiaro&amp;Figna","robots":{"index":"index","follow":"follow","max-snippet":"max-snippet:-1","max-image-preview":"max-image-preview:large","max-video-preview":"max-video-preview:-1"},"canonical":"https:\/\/agugiarofigna.com\/fr\/evenements\/troisieme-edition-de-molini-a-porte-aperte\/","og_locale":"fr_FR","og_type":"article","og_title":"Troisi\u00e8me \u00e9dition de Molini A Porte Aperte - Agugiaro&amp;Figna","og_description":"Le samedi 20 mai aura lieu le retour de\u00ab\u00a0Molini a Porte Aperte\u00ab\u00a0, l&rsquo;\u00e9v\u00e9nement organis\u00e9 par Italmopa, au cours duquel vous aurez l&rsquo;occasion unique d&rsquo;entrer dans [&hellip;]","og_url":"https:\/\/agugiarofigna.com\/fr\/evenements\/troisieme-edition-de-molini-a-porte-aperte\/","og_site_name":"Agugiaro&amp;Figna","article_publisher":"https:\/\/www.facebook.com\/AgugiaroeFigna","article_published_time":"2023-05-18T09:56:00+00:00","article_modified_time":"2025-01-31T17:51:37+00:00","og_image":[{"width":1920,"height":620,"url":"https:\/\/agugiarofigna.com\/wp-content\/uploads\/2024\/12\/Molini-a-porte-aperte.jpeg","type":"image\/jpeg"}],"author":"Gregorio Guerrini","twitter_card":"summary_large_image","twitter_misc":{"\u00c9crit par":"Gregorio Guerrini","Dur\u00e9e de lecture estim\u00e9e":"1 minute"},"schema":{"@context":"https:\/\/schema.org","@graph":[{"@type":"Article","@id":"https:\/\/agugiarofigna.com\/fr\/evenements\/troisieme-edition-de-molini-a-porte-aperte\/#article","isPartOf":{"@id":"https:\/\/agugiarofigna.com\/fr\/evenements\/troisieme-edition-de-molini-a-porte-aperte\/"},"author":{"name":"Gregorio Guerrini","@id":"https:\/\/agugiarofigna.com\/#\/schema\/person\/b57a6382eedf3080af2faca8d2d20e25"},"headline":"Troisi\u00e8me \u00e9dition de Molini A Porte Aperte","datePublished":"2023-05-18T09:56:00+00:00","dateModified":"2025-01-31T17:51:37+00:00","mainEntityOfPage":{"@id":"https:\/\/agugiarofigna.com\/fr\/evenements\/troisieme-edition-de-molini-a-porte-aperte\/"},"wordCount":187,"publisher":{"@id":"https:\/\/agugiarofigna.com\/#organization"},"image":{"@id":"https:\/\/agugiarofigna.com\/fr\/evenements\/troisieme-edition-de-molini-a-porte-aperte\/#primaryimage"},"thumbnailUrl":"https:\/\/agugiarofigna.com\/wp-content\/uploads\/2024\/12\/Molini-a-porte-aperte.jpeg","articleSection":["Ev\u00e9nements"],"inLanguage":"fr-FR"},{"@type":"WebPage","@id":"https:\/\/agugiarofigna.com\/fr\/evenements\/troisieme-edition-de-molini-a-porte-aperte\/","url":"https:\/\/agugiarofigna.com\/fr\/evenements\/troisieme-edition-de-molini-a-porte-aperte\/","name":"Troisi\u00e8me \u00e9dition de Molini A Porte Aperte - Agugiaro&amp;Figna","isPartOf":{"@id":"https:\/\/agugiarofigna.com\/#website"},"primaryImageOfPage":{"@id":"https:\/\/agugiarofigna.com\/fr\/evenements\/troisieme-edition-de-molini-a-porte-aperte\/#primaryimage"},"image":{"@id":"https:\/\/agugiarofigna.com\/fr\/evenements\/troisieme-edition-de-molini-a-porte-aperte\/#primaryimage"},"thumbnailUrl":"https:\/\/agugiarofigna.com\/wp-content\/uploads\/2024\/12\/Molini-a-porte-aperte.jpeg","datePublished":"2023-05-18T09:56:00+00:00","dateModified":"2025-01-31T17:51:37+00:00","breadcrumb":{"@id":"https:\/\/agugiarofigna.com\/fr\/evenements\/troisieme-edition-de-molini-a-porte-aperte\/#breadcrumb"},"inLanguage":"fr-FR","potentialAction":[{"@type":"ReadAction","target":["https:\/\/agugiarofigna.com\/fr\/evenements\/troisieme-edition-de-molini-a-porte-aperte\/"]}]},{"@type":"ImageObject","inLanguage":"fr-FR","@id":"https:\/\/agugiarofigna.com\/fr\/evenements\/troisieme-edition-de-molini-a-porte-aperte\/#primaryimage","url":"https:\/\/agugiarofigna.com\/wp-content\/uploads\/2024\/12\/Molini-a-porte-aperte.jpeg","contentUrl":"https:\/\/agugiarofigna.com\/wp-content\/uploads\/2024\/12\/Molini-a-porte-aperte.jpeg","width":1920,"height":620},{"@type":"BreadcrumbList","@id":"https:\/\/agugiarofigna.com\/fr\/evenements\/troisieme-edition-de-molini-a-porte-aperte\/#breadcrumb","itemListElement":[{"@type":"ListItem","position":1,"name":"Home","item":"https:\/\/agugiarofigna.com\/"},{"@type":"ListItem","position":2,"name":"Troisi\u00e8me \u00e9dition de Molini A Porte Aperte"}]},{"@type":"WebSite","@id":"https:\/\/agugiarofigna.com\/#website","url":"https:\/\/agugiarofigna.com\/","name":"Agugiaro&Figna","description":"","publisher":{"@id":"https:\/\/agugiarofigna.com\/#organization"},"potentialAction":[{"@type":"SearchAction","target":{"@type":"EntryPoint","urlTemplate":"https:\/\/agugiarofigna.com\/?s={search_term_string}"},"query-input":{"@type":"PropertyValueSpecification","valueRequired":true,"valueName":"search_term_string"}}],"inLanguage":"fr-FR"},{"@type":"Organization","@id":"https:\/\/agugiarofigna.com\/#organization","name":"Agugiaro&Figna","url":"https:\/\/agugiarofigna.com\/","logo":{"@type":"ImageObject","inLanguage":"fr-FR","@id":"https:\/\/agugiarofigna.com\/#\/schema\/logo\/image\/","url":"https:\/\/agugiarofigna.com\/wp-content\/uploads\/2024\/12\/Logo-Agugiaro-Figna.svg","contentUrl":"https:\/\/agugiarofigna.com\/wp-content\/uploads\/2024\/12\/Logo-Agugiaro-Figna.svg","width":710,"height":125,"caption":"Agugiaro&Figna"},"image":{"@id":"https:\/\/agugiarofigna.com\/#\/schema\/logo\/image\/"},"sameAs":["https:\/\/www.facebook.com\/AgugiaroeFigna","https:\/\/www.instagram.com\/moliniagugiaroefigna\/#"]},{"@type":"Person","@id":"https:\/\/agugiarofigna.com\/#\/schema\/person\/b57a6382eedf3080af2faca8d2d20e25","name":"Gregorio Guerrini","image":{"@type":"ImageObject","inLanguage":"fr-FR","@id":"https:\/\/secure.gravatar.com\/avatar\/d632a82d325990f4d1a7e91c088859eb32b90e2ccd45676db28225c1cf84b4c6?s=96&d=mm&r=g","url":"https:\/\/secure.gravatar.com\/avatar\/d632a82d325990f4d1a7e91c088859eb32b90e2ccd45676db28225c1cf84b4c6?s=96&d=mm&r=g","contentUrl":"https:\/\/secure.gravatar.com\/avatar\/d632a82d325990f4d1a7e91c088859eb32b90e2ccd45676db28225c1cf84b4c6?s=96&d=mm&r=g","caption":"Gregorio Guerrini"},"url":"https:\/\/agugiarofigna.com\/fr\/author\/gregorio\/"}]}},"_links":{"self":[{"href":"https:\/\/agugiarofigna.com\/fr\/wp-json\/wp\/v2\/posts\/4387","targetHints":{"allow":["GET"]}}],"collection":[{"href":"https:\/\/agugiarofigna.com\/fr\/wp-json\/wp\/v2\/posts"}],"about":[{"href":"https:\/\/agugiarofigna.com\/fr\/wp-json\/wp\/v2\/types\/post"}],"author":[{"embeddable":true,"href":"https:\/\/agugiarofigna.com\/fr\/wp-json\/wp\/v2\/users\/2"}],"replies":[{"embeddable":true,"href":"https:\/\/agugiarofigna.com\/fr\/wp-json\/wp\/v2\/comments?post=4387"}],"version-history":[{"count":1,"href":"https:\/\/agugiarofigna.com\/fr\/wp-json\/wp\/v2\/posts\/4387\/revisions"}],"predecessor-version":[{"id":4390,"href":"https:\/\/agugiarofigna.com\/fr\/wp-json\/wp\/v2\/posts\/4387\/revisions\/4390"}],"wp:featuredmedia":[{"embeddable":true,"href":"https:\/\/agugiarofigna.com\/fr\/wp-json\/wp\/v2\/media\/4389"}],"wp:attachment":[{"href":"https:\/\/agugiarofigna.com\/fr\/wp-json\/wp\/v2\/media?parent=4387"}],"wp:term":[{"taxonomy":"category","embeddable":true,"href":"https:\/\/agugiarofigna.com\/fr\/wp-json\/wp\/v2\/categories?post=4387"},{"taxonomy":"post_tag","embeddable":true,"href":"https:\/\/agugiarofigna.com\/fr\/wp-json\/wp\/v2\/tags?post=4387"}],"curies":[{"name":"wp","href":"https:\/\/api.w.org\/{rel}","templated":true}]}}