{"id":4223,"date":"2019-12-18T15:50:00","date_gmt":"2019-12-18T14:50:00","guid":{"rendered":"https:\/\/agugiarofigna.com\/sem-categoria\/a-nova-linha-de-farinhas-de-agugiaro-figna-molini-para-os-amantes-da-cozinha\/"},"modified":"2025-06-26T11:24:12","modified_gmt":"2025-06-26T09:24:12","slug":"a-nova-linha-de-farinhas-de-agugiaro-figna-molini-para-os-amantes-da-cozinha","status":"publish","type":"post","link":"https:\/\/agugiarofigna.com\/pt-pt\/sem-categoria\/a-nova-linha-de-farinhas-de-agugiaro-figna-molini-para-os-amantes-da-cozinha\/","title":{"rendered":"A nova linha de farinhas de Agugiaro &amp; Figna Molini para os amantes da cozinha"},"content":{"rendered":"&#13;\n<p>Agugiaro&amp;Figna Molini, o moinho de farinha mais antigo de It\u00e1lia, traz para as prateleiras a primeira linha de farinhas dedicada aos amantes da gastronomia.<\/p>&#13;\n&#13;\n<p><strong>Agugiaro&amp;Figna Molini<\/strong>, a empresa italiana l\u00edder no mercado da moagem de trigo mole, coloca, pela primeira vez, a sua experi\u00eancia e compet\u00eancia ao servi\u00e7o de todos aqueles que gostam de p\u00f4r as m\u00e3os na massa #ComeUnVeroProfessionista.<\/p>&#13;\n&#13;\n<p><strong>Uma linha completa de farinhas:<\/strong> cinco gamas diferentes para pizzas e focaccia, massas frescas, bolos e p\u00e3es declinados em dezanove refer\u00eancias diferentes, concebidas para quem fez da cozinha a sua paix\u00e3o e leva a excel\u00eancia e a qualidade \u00e0 sua mesa como um verdadeiro profissional.<\/p>&#13;\n&#13;\n<p>Na quarta-feira, 6 de fevereiro de 2019, o @FOOD SPOT de Mil\u00e3o acolheu a apresenta\u00e7\u00e3o de estreia da linha, uma viagem ao mundo das novas refer\u00eancias Agugiaro&amp;Figna Molini atrav\u00e9s de um percurso multissensorial dividido em \u00e1reas tem\u00e1ticas conduzido por convidados especiais: o Mestre Pasteleiro <strong>Andrea &#8220;Strabba&#8221; Tamagnini<\/strong>, o Mestre Pizzaiolo<strong> Salvatore Santucci<\/strong>, o Mestre Padeiro<strong> Edoardo Corti e<\/strong> o Chefe <strong>Cesare Veronesi<\/strong>. O workshop concluiu-se com uma degusta\u00e7\u00e3o especial, deixando ao paladar o reconhecimento de toda a qualidade e excel\u00eancia dos produtos confeccionados com as farinhas Agugiaro&amp;Figna. <\/p>&#13;\n&#13;\n<p>Na confer\u00eancia, intervieram o Presidente da Compagnia Generale Molini &#8211; a empresa-m\u00e3e &#8211; Giorgio Agugiaro, o Diretor-Geral da Agugiaro&amp;Figna Molini Riccardo Agugiaro e Giovanni Taliana, o Retail Manager da nova linha.<\/p>&#13;\n&#13;\n<p>Foi dada especial aten\u00e7\u00e3o \u00e0 quest\u00e3o da sustentabilidade, um valor fundamental do sistema empresarial da empresa. De facto, a empresa est\u00e1 empenhada na prote\u00e7\u00e3o da biodiversidade, no desenvolvimento local e na redu\u00e7\u00e3o do impacto social, a come\u00e7ar pela energia gerada a partir de fontes renov\u00e1veis com a qual todas as f\u00e1bricas s\u00e3o alimentadas. Um percurso que segue os princ\u00edpios do <strong>&#8220;bom, limpo, justo&#8221;<\/strong> e que sanciona a parceria oficial com a Slow Food.  <\/p>&#13;\n&#13;\n<p><em>A aten\u00e7\u00e3o \u00e0 qualidade das mat\u00e9rias-primas \u00e9 o denominador comum das nossas f\u00e1bricas. &#8211; afirmou <strong>Giorgio Agugiaro,<\/strong> Presidente da Compagnia Generale Molini &#8211; Todos os dias <\/em><br\/><em>De facto, s\u00e3o selecionadas as melhores qualidades de trigo de todo o mundo, o que permite a produ\u00e7\u00e3o de cerca de 200 refer\u00eancias de misturas particularmente finas e de misturas espec\u00edficas de alta tecnologia, espec\u00edficas para cada canal de distribui\u00e7\u00e3o e tipo de produ\u00e7\u00e3o&#8221;.<\/em><\/p>&#13;\n&#13;\n<p>O diretor-geral <strong>Riccardo Agugiaro<\/strong> apresentou igualmente o plano de actividades, que inclu\u00eda o lan\u00e7amento da nova linha e a panor\u00e2mica do mercado.<\/p>&#13;\n&#13;\n<p><em>&#8220;A distribui\u00e7\u00e3o de toda a linha est\u00e1 em curso nos mercados mais importantes da grande distribui\u00e7\u00e3o. Para n\u00f3s, as tradi\u00e7\u00f5es s\u00e3o uma escolha preciosa com a qual queremos celebrar o sabor da cozinha saud\u00e1vel, estas s\u00e3o as bases com as quais queremos abordar o retalho. Queremos levar o nosso know-how \u00e0s casas italianas. Queremos partilhar a nossa experi\u00eancia, aproximarmo-nos dos consumidores e ajud\u00e1-los a tirar o melhor partido das nossas farinhas. Estamos prontos para os ajudar a experimentar a sua cozinha com um sabor saud\u00e1vel e aut\u00eantico, desde a confe\u00e7\u00e3o at\u00e9 \u00e0 redescoberta de uma receita antiga com a fam\u00edlia ou amigos&#8221;.<\/em> <strong>Giovanni Taliana<\/strong>, Diretor Comercial da linha de 1 kg, concluiu. <\/p>&#13;\n&#13;\n<p>Convidada do dia foi tamb\u00e9m a jornalista e escritora <strong>Tessa Gelisio<\/strong>, que h\u00e1 anos se empenha em seguir e relatar as abordagens sustent\u00e1veis das almas industriais mais importantes, e que baptizou a parceria entre a empresa de moagem e a Slow Food It\u00e1lia.<\/p>&#13;\n&#13;\n<p>A nova linha de farinhas vem em formatos pr\u00e1ticos de 1 kg.<\/p>&#13;\n&#13;\n<p>#ComeUnVeroProfessionista<br\/>#acasatua<\/p>&#13;\n&#13;\n<p><strong>FICHA T\u00c9CNICA A primeira linha de retalho de Agugiaro&amp;Figna Molini dedicada aos amantes da boa cozinha<\/strong><\/p>&#13;\n&#13;\n<p>A tradi\u00e7\u00e3o, a inova\u00e7\u00e3o e o profissionalismo da Agugiaro&amp;Figna Molini pela primeira vez ao servi\u00e7o de todos aqueles que gostam de redescobrir o sabor saud\u00e1vel e aut\u00eantico da boa comida na cozinha.<br\/>Assim nasce a primeira gama Agugiaro&amp;Figna dedicada ao mundo do Retail: cinco linhas de farinhas declinadas em dezanove refer\u00eancias diferentes concebidas para um consumidor atento que adora p\u00f4r as m\u00e3os na massa #ComeUnVeroProfessionista. Pizza e Focaccia, Massa Fresca, Doces e P\u00e3o, cada refer\u00eancia satisfaz as necessidades de todas as prepara\u00e7\u00f5es individuais, confortavelmente em casa. <\/p>&#13;\n&#13;\n<p>Le Tradizionali \u00e9 a linha de farinhas dedicada a todas as receitas tradicionais italianas. Tortas, biscoitos e p\u00e3ezinhos macios, mas tamb\u00e9m massas frescas e p\u00e3o caseiro podem ser feitos com as quatro refer\u00eancias diferentes: La Rimacinata, La Manitoba; L&#8217;Emiliana e L&#8217;Italiana. <\/p>&#13;\n&#13;\n<p>A excel\u00eancia est\u00e1 presente tamb\u00e9m no sector biol\u00f3gico 100% italiano com Le Naturali, as farinhas biol\u00f3gicas certificadas da cadeia do trigo agr\u00edcola que respeitam a natureza. Para al\u00e9m de La Biologica, a linha inclui La Biologica Integrale, La Biologica di Manitoba, La Biologica di Farro e La Biologica di Farro Integrale. <\/p>&#13;\n&#13;\n<p>A empresa de moagem disp\u00f5e tamb\u00e9m de uma linha especial de farinhas dedicadas exclusivamente ao mundo sem gl\u00faten. Tr\u00eas produtos semi-acabados especiais para a prepara\u00e7\u00e3o de bolos, massas frescas e pizzas &#8211; La Senza Glutine per Dolci, La Senza Glutine per Pasta Fresca, La Senza Glutine per Pizza &#8211; compostos por mat\u00e9rias-primas naturalmente isentas de alerg\u00e9nios e da mais alta qualidade, elaboradas exclusivamente com farinha de leguminosas, farinha de arroz, farinha de linha\u00e7a e farinha de sementes de guar. <\/p>&#13;\n&#13;\n<p>Da sele\u00e7\u00e3o e transforma\u00e7\u00e3o dos gr\u00e3os mais finos nasce tamb\u00e9m Le Speciali, a linha de farinhas provenientes da transforma\u00e7\u00e3o dos gr\u00e3os mais antigos, que re\u00fane todos os sabores e aromas do passado. Existem tr\u00eas refer\u00eancias: L&#8217;Integrale, La Miscela di Cereali e La Macinata a Pietra. <\/p>&#13;\n&#13;\n<p>Finalmente, a Agugiaro&amp;Figna Molini dedica uma linha de farinhas para a confe\u00e7\u00e3o de pizzas e focaccias. Desde o in\u00edcio, a empresa prestou uma aten\u00e7\u00e3o especial ao sector da pizzaria, raz\u00e3o pela qual concebeu uma linha especial de farinhas dedicada a todos aqueles que procuram um produto de alto desempenho para criar uma excelente pizza em casa. Le Professionali tem quatro refer\u00eancias diferentes, cada uma dedicada a prepara\u00e7\u00f5es espec\u00edficas com tempos de leveda\u00e7\u00e3o diferentes: 2H, 4H, 8H e 12H.  <\/p>&#13;\n&#13;\n<p>Qualidade e experi\u00eancia na ponta dos teus dedos.<br\/><br\/> Com a sua nova linha de farinhas, a empresa l\u00edder de moagem italiana leva o seu know-how, experi\u00eancia e tradi\u00e7\u00f5es aos lares italianos, promovendo os verdadeiros valores da alimenta\u00e7\u00e3o feita a partir de excelentes mat\u00e9rias-primas. #ComeUnVeroProfessionista #acasatua <\/p>&#13;\n","protected":false},"excerpt":{"rendered":"<p>&#13; Agugiaro&amp;Figna Molini, o moinho de farinha mais antigo de It\u00e1lia, traz para as prateleiras a primeira linha de farinhas dedicada aos amantes da gastronomia. [&hellip;]<\/p>\n","protected":false},"author":2,"featured_media":4224,"comment_status":"closed","ping_status":"closed","sticky":false,"template":"","format":"standard","meta":{"_acf_changed":false,"footnotes":""},"categories":[51],"tags":[],"class_list":["post-4223","post","type-post","status-publish","format-standard","has-post-thumbnail","hentry","category-sem-categoria"],"acf":[],"yoast_head":"<!-- This site is optimized with the Yoast SEO plugin v27.4 - https:\/\/yoast.com\/product\/yoast-seo-wordpress\/ -->\n<title>A nova linha de farinhas de Agugiaro &amp; Figna Molini para os amantes da cozinha - Agugiaro&amp;Figna<\/title>\n<meta name=\"robots\" content=\"index, follow, max-snippet:-1, max-image-preview:large, max-video-preview:-1\" \/>\n<link rel=\"canonical\" href=\"https:\/\/agugiarofigna.com\/pt-pt\/sem-categoria\/a-nova-linha-de-farinhas-de-agugiaro-figna-molini-para-os-amantes-da-cozinha\/\" \/>\n<meta property=\"og:locale\" content=\"pt_PT\" \/>\n<meta property=\"og:type\" content=\"article\" \/>\n<meta property=\"og:title\" content=\"A nova linha de farinhas de Agugiaro &amp; Figna Molini para os amantes da cozinha - Agugiaro&amp;Figna\" \/>\n<meta property=\"og:description\" content=\"&#013; Agugiaro&amp;Figna Molini, o moinho de farinha mais antigo de It\u00e1lia, traz para as prateleiras a primeira linha de farinhas dedicada aos amantes da gastronomia. [&hellip;]\" \/>\n<meta property=\"og:url\" content=\"https:\/\/agugiarofigna.com\/pt-pt\/sem-categoria\/a-nova-linha-de-farinhas-de-agugiaro-figna-molini-para-os-amantes-da-cozinha\/\" \/>\n<meta property=\"og:site_name\" content=\"Agugiaro&amp;Figna\" \/>\n<meta property=\"article:publisher\" content=\"https:\/\/www.facebook.com\/AgugiaroeFigna\" \/>\n<meta property=\"article:published_time\" content=\"2019-12-18T14:50:00+00:00\" \/>\n<meta property=\"article:modified_time\" content=\"2025-06-26T09:24:12+00:00\" \/>\n<meta property=\"og:image\" content=\"https:\/\/agugiarofigna.com\/wp-content\/uploads\/2024\/12\/Storie-di-farina.jpeg\" \/>\n\t<meta property=\"og:image:width\" content=\"1920\" \/>\n\t<meta property=\"og:image:height\" content=\"1280\" \/>\n\t<meta property=\"og:image:type\" content=\"image\/jpeg\" \/>\n<meta name=\"author\" content=\"Gregorio Guerrini\" \/>\n<meta name=\"twitter:card\" content=\"summary_large_image\" \/>\n<meta name=\"twitter:label1\" content=\"Escrito por\" \/>\n\t<meta name=\"twitter:data1\" content=\"Gregorio Guerrini\" \/>\n\t<meta name=\"twitter:label2\" content=\"Tempo estimado de leitura\" \/>\n\t<meta name=\"twitter:data2\" content=\"6 minutos\" \/>\n<script type=\"application\/ld+json\" class=\"yoast-schema-graph\">{\"@context\":\"https:\\\/\\\/schema.org\",\"@graph\":[{\"@type\":\"Article\",\"@id\":\"https:\\\/\\\/agugiarofigna.com\\\/pt-pt\\\/sem-categoria\\\/a-nova-linha-de-farinhas-de-agugiaro-figna-molini-para-os-amantes-da-cozinha\\\/#article\",\"isPartOf\":{\"@id\":\"https:\\\/\\\/agugiarofigna.com\\\/pt-pt\\\/sem-categoria\\\/a-nova-linha-de-farinhas-de-agugiaro-figna-molini-para-os-amantes-da-cozinha\\\/\"},\"author\":{\"name\":\"Gregorio Guerrini\",\"@id\":\"https:\\\/\\\/agugiarofigna.com\\\/#\\\/schema\\\/person\\\/b57a6382eedf3080af2faca8d2d20e25\"},\"headline\":\"A nova linha de farinhas de Agugiaro &amp; Figna Molini para os amantes da cozinha\",\"datePublished\":\"2019-12-18T14:50:00+00:00\",\"dateModified\":\"2025-06-26T09:24:12+00:00\",\"mainEntityOfPage\":{\"@id\":\"https:\\\/\\\/agugiarofigna.com\\\/pt-pt\\\/sem-categoria\\\/a-nova-linha-de-farinhas-de-agugiaro-figna-molini-para-os-amantes-da-cozinha\\\/\"},\"wordCount\":1134,\"publisher\":{\"@id\":\"https:\\\/\\\/agugiarofigna.com\\\/#organization\"},\"image\":{\"@id\":\"https:\\\/\\\/agugiarofigna.com\\\/pt-pt\\\/sem-categoria\\\/a-nova-linha-de-farinhas-de-agugiaro-figna-molini-para-os-amantes-da-cozinha\\\/#primaryimage\"},\"thumbnailUrl\":\"https:\\\/\\\/agugiarofigna.com\\\/wp-content\\\/uploads\\\/2024\\\/12\\\/Storie-di-farina.jpeg\",\"inLanguage\":\"pt-PT\"},{\"@type\":\"WebPage\",\"@id\":\"https:\\\/\\\/agugiarofigna.com\\\/pt-pt\\\/sem-categoria\\\/a-nova-linha-de-farinhas-de-agugiaro-figna-molini-para-os-amantes-da-cozinha\\\/\",\"url\":\"https:\\\/\\\/agugiarofigna.com\\\/pt-pt\\\/sem-categoria\\\/a-nova-linha-de-farinhas-de-agugiaro-figna-molini-para-os-amantes-da-cozinha\\\/\",\"name\":\"A nova linha de farinhas de Agugiaro &amp; Figna Molini para os amantes da cozinha - Agugiaro&amp;Figna\",\"isPartOf\":{\"@id\":\"https:\\\/\\\/agugiarofigna.com\\\/#website\"},\"primaryImageOfPage\":{\"@id\":\"https:\\\/\\\/agugiarofigna.com\\\/pt-pt\\\/sem-categoria\\\/a-nova-linha-de-farinhas-de-agugiaro-figna-molini-para-os-amantes-da-cozinha\\\/#primaryimage\"},\"image\":{\"@id\":\"https:\\\/\\\/agugiarofigna.com\\\/pt-pt\\\/sem-categoria\\\/a-nova-linha-de-farinhas-de-agugiaro-figna-molini-para-os-amantes-da-cozinha\\\/#primaryimage\"},\"thumbnailUrl\":\"https:\\\/\\\/agugiarofigna.com\\\/wp-content\\\/uploads\\\/2024\\\/12\\\/Storie-di-farina.jpeg\",\"datePublished\":\"2019-12-18T14:50:00+00:00\",\"dateModified\":\"2025-06-26T09:24:12+00:00\",\"breadcrumb\":{\"@id\":\"https:\\\/\\\/agugiarofigna.com\\\/pt-pt\\\/sem-categoria\\\/a-nova-linha-de-farinhas-de-agugiaro-figna-molini-para-os-amantes-da-cozinha\\\/#breadcrumb\"},\"inLanguage\":\"pt-PT\",\"potentialAction\":[{\"@type\":\"ReadAction\",\"target\":[\"https:\\\/\\\/agugiarofigna.com\\\/pt-pt\\\/sem-categoria\\\/a-nova-linha-de-farinhas-de-agugiaro-figna-molini-para-os-amantes-da-cozinha\\\/\"]}]},{\"@type\":\"ImageObject\",\"inLanguage\":\"pt-PT\",\"@id\":\"https:\\\/\\\/agugiarofigna.com\\\/pt-pt\\\/sem-categoria\\\/a-nova-linha-de-farinhas-de-agugiaro-figna-molini-para-os-amantes-da-cozinha\\\/#primaryimage\",\"url\":\"https:\\\/\\\/agugiarofigna.com\\\/wp-content\\\/uploads\\\/2024\\\/12\\\/Storie-di-farina.jpeg\",\"contentUrl\":\"https:\\\/\\\/agugiarofigna.com\\\/wp-content\\\/uploads\\\/2024\\\/12\\\/Storie-di-farina.jpeg\",\"width\":1920,\"height\":1280},{\"@type\":\"BreadcrumbList\",\"@id\":\"https:\\\/\\\/agugiarofigna.com\\\/pt-pt\\\/sem-categoria\\\/a-nova-linha-de-farinhas-de-agugiaro-figna-molini-para-os-amantes-da-cozinha\\\/#breadcrumb\",\"itemListElement\":[{\"@type\":\"ListItem\",\"position\":1,\"name\":\"Home\",\"item\":\"https:\\\/\\\/agugiarofigna.com\\\/\"},{\"@type\":\"ListItem\",\"position\":2,\"name\":\"A nova linha de farinhas de Agugiaro &amp; Figna Molini para os amantes da cozinha\"}]},{\"@type\":\"WebSite\",\"@id\":\"https:\\\/\\\/agugiarofigna.com\\\/#website\",\"url\":\"https:\\\/\\\/agugiarofigna.com\\\/\",\"name\":\"Agugiaro&Figna\",\"description\":\"\",\"publisher\":{\"@id\":\"https:\\\/\\\/agugiarofigna.com\\\/#organization\"},\"potentialAction\":[{\"@type\":\"SearchAction\",\"target\":{\"@type\":\"EntryPoint\",\"urlTemplate\":\"https:\\\/\\\/agugiarofigna.com\\\/?s={search_term_string}\"},\"query-input\":{\"@type\":\"PropertyValueSpecification\",\"valueRequired\":true,\"valueName\":\"search_term_string\"}}],\"inLanguage\":\"pt-PT\"},{\"@type\":\"Organization\",\"@id\":\"https:\\\/\\\/agugiarofigna.com\\\/#organization\",\"name\":\"Agugiaro&Figna\",\"url\":\"https:\\\/\\\/agugiarofigna.com\\\/\",\"logo\":{\"@type\":\"ImageObject\",\"inLanguage\":\"pt-PT\",\"@id\":\"https:\\\/\\\/agugiarofigna.com\\\/#\\\/schema\\\/logo\\\/image\\\/\",\"url\":\"https:\\\/\\\/agugiarofigna.com\\\/wp-content\\\/uploads\\\/2024\\\/12\\\/Logo-Agugiaro-Figna.svg\",\"contentUrl\":\"https:\\\/\\\/agugiarofigna.com\\\/wp-content\\\/uploads\\\/2024\\\/12\\\/Logo-Agugiaro-Figna.svg\",\"width\":710,\"height\":125,\"caption\":\"Agugiaro&Figna\"},\"image\":{\"@id\":\"https:\\\/\\\/agugiarofigna.com\\\/#\\\/schema\\\/logo\\\/image\\\/\"},\"sameAs\":[\"https:\\\/\\\/www.facebook.com\\\/AgugiaroeFigna\",\"https:\\\/\\\/www.instagram.com\\\/moliniagugiaroefigna\\\/#\"]},{\"@type\":\"Person\",\"@id\":\"https:\\\/\\\/agugiarofigna.com\\\/#\\\/schema\\\/person\\\/b57a6382eedf3080af2faca8d2d20e25\",\"name\":\"Gregorio Guerrini\",\"image\":{\"@type\":\"ImageObject\",\"inLanguage\":\"pt-PT\",\"@id\":\"https:\\\/\\\/secure.gravatar.com\\\/avatar\\\/d632a82d325990f4d1a7e91c088859eb32b90e2ccd45676db28225c1cf84b4c6?s=96&d=mm&r=g\",\"url\":\"https:\\\/\\\/secure.gravatar.com\\\/avatar\\\/d632a82d325990f4d1a7e91c088859eb32b90e2ccd45676db28225c1cf84b4c6?s=96&d=mm&r=g\",\"contentUrl\":\"https:\\\/\\\/secure.gravatar.com\\\/avatar\\\/d632a82d325990f4d1a7e91c088859eb32b90e2ccd45676db28225c1cf84b4c6?s=96&d=mm&r=g\",\"caption\":\"Gregorio Guerrini\"},\"url\":\"https:\\\/\\\/agugiarofigna.com\\\/pt-pt\\\/author\\\/gregorio\\\/\"}]}<\/script>\n<!-- \/ Yoast SEO plugin. -->","yoast_head_json":{"title":"A nova linha de farinhas de Agugiaro &amp; Figna Molini para os amantes da cozinha - Agugiaro&amp;Figna","robots":{"index":"index","follow":"follow","max-snippet":"max-snippet:-1","max-image-preview":"max-image-preview:large","max-video-preview":"max-video-preview:-1"},"canonical":"https:\/\/agugiarofigna.com\/pt-pt\/sem-categoria\/a-nova-linha-de-farinhas-de-agugiaro-figna-molini-para-os-amantes-da-cozinha\/","og_locale":"pt_PT","og_type":"article","og_title":"A nova linha de farinhas de Agugiaro &amp; Figna Molini para os amantes da cozinha - Agugiaro&amp;Figna","og_description":"&#13; Agugiaro&amp;Figna Molini, o moinho de farinha mais antigo de It\u00e1lia, traz para as prateleiras a primeira linha de farinhas dedicada aos amantes da gastronomia. [&hellip;]","og_url":"https:\/\/agugiarofigna.com\/pt-pt\/sem-categoria\/a-nova-linha-de-farinhas-de-agugiaro-figna-molini-para-os-amantes-da-cozinha\/","og_site_name":"Agugiaro&amp;Figna","article_publisher":"https:\/\/www.facebook.com\/AgugiaroeFigna","article_published_time":"2019-12-18T14:50:00+00:00","article_modified_time":"2025-06-26T09:24:12+00:00","og_image":[{"width":1920,"height":1280,"url":"https:\/\/agugiarofigna.com\/wp-content\/uploads\/2024\/12\/Storie-di-farina.jpeg","type":"image\/jpeg"}],"author":"Gregorio Guerrini","twitter_card":"summary_large_image","twitter_misc":{"Escrito por":"Gregorio Guerrini","Tempo estimado de leitura":"6 minutos"},"schema":{"@context":"https:\/\/schema.org","@graph":[{"@type":"Article","@id":"https:\/\/agugiarofigna.com\/pt-pt\/sem-categoria\/a-nova-linha-de-farinhas-de-agugiaro-figna-molini-para-os-amantes-da-cozinha\/#article","isPartOf":{"@id":"https:\/\/agugiarofigna.com\/pt-pt\/sem-categoria\/a-nova-linha-de-farinhas-de-agugiaro-figna-molini-para-os-amantes-da-cozinha\/"},"author":{"name":"Gregorio Guerrini","@id":"https:\/\/agugiarofigna.com\/#\/schema\/person\/b57a6382eedf3080af2faca8d2d20e25"},"headline":"A nova linha de farinhas de Agugiaro &amp; Figna Molini para os amantes da cozinha","datePublished":"2019-12-18T14:50:00+00:00","dateModified":"2025-06-26T09:24:12+00:00","mainEntityOfPage":{"@id":"https:\/\/agugiarofigna.com\/pt-pt\/sem-categoria\/a-nova-linha-de-farinhas-de-agugiaro-figna-molini-para-os-amantes-da-cozinha\/"},"wordCount":1134,"publisher":{"@id":"https:\/\/agugiarofigna.com\/#organization"},"image":{"@id":"https:\/\/agugiarofigna.com\/pt-pt\/sem-categoria\/a-nova-linha-de-farinhas-de-agugiaro-figna-molini-para-os-amantes-da-cozinha\/#primaryimage"},"thumbnailUrl":"https:\/\/agugiarofigna.com\/wp-content\/uploads\/2024\/12\/Storie-di-farina.jpeg","inLanguage":"pt-PT"},{"@type":"WebPage","@id":"https:\/\/agugiarofigna.com\/pt-pt\/sem-categoria\/a-nova-linha-de-farinhas-de-agugiaro-figna-molini-para-os-amantes-da-cozinha\/","url":"https:\/\/agugiarofigna.com\/pt-pt\/sem-categoria\/a-nova-linha-de-farinhas-de-agugiaro-figna-molini-para-os-amantes-da-cozinha\/","name":"A nova linha de farinhas de Agugiaro &amp; Figna Molini para os amantes da cozinha - Agugiaro&amp;Figna","isPartOf":{"@id":"https:\/\/agugiarofigna.com\/#website"},"primaryImageOfPage":{"@id":"https:\/\/agugiarofigna.com\/pt-pt\/sem-categoria\/a-nova-linha-de-farinhas-de-agugiaro-figna-molini-para-os-amantes-da-cozinha\/#primaryimage"},"image":{"@id":"https:\/\/agugiarofigna.com\/pt-pt\/sem-categoria\/a-nova-linha-de-farinhas-de-agugiaro-figna-molini-para-os-amantes-da-cozinha\/#primaryimage"},"thumbnailUrl":"https:\/\/agugiarofigna.com\/wp-content\/uploads\/2024\/12\/Storie-di-farina.jpeg","datePublished":"2019-12-18T14:50:00+00:00","dateModified":"2025-06-26T09:24:12+00:00","breadcrumb":{"@id":"https:\/\/agugiarofigna.com\/pt-pt\/sem-categoria\/a-nova-linha-de-farinhas-de-agugiaro-figna-molini-para-os-amantes-da-cozinha\/#breadcrumb"},"inLanguage":"pt-PT","potentialAction":[{"@type":"ReadAction","target":["https:\/\/agugiarofigna.com\/pt-pt\/sem-categoria\/a-nova-linha-de-farinhas-de-agugiaro-figna-molini-para-os-amantes-da-cozinha\/"]}]},{"@type":"ImageObject","inLanguage":"pt-PT","@id":"https:\/\/agugiarofigna.com\/pt-pt\/sem-categoria\/a-nova-linha-de-farinhas-de-agugiaro-figna-molini-para-os-amantes-da-cozinha\/#primaryimage","url":"https:\/\/agugiarofigna.com\/wp-content\/uploads\/2024\/12\/Storie-di-farina.jpeg","contentUrl":"https:\/\/agugiarofigna.com\/wp-content\/uploads\/2024\/12\/Storie-di-farina.jpeg","width":1920,"height":1280},{"@type":"BreadcrumbList","@id":"https:\/\/agugiarofigna.com\/pt-pt\/sem-categoria\/a-nova-linha-de-farinhas-de-agugiaro-figna-molini-para-os-amantes-da-cozinha\/#breadcrumb","itemListElement":[{"@type":"ListItem","position":1,"name":"Home","item":"https:\/\/agugiarofigna.com\/"},{"@type":"ListItem","position":2,"name":"A nova linha de farinhas de Agugiaro &amp; Figna Molini para os amantes da cozinha"}]},{"@type":"WebSite","@id":"https:\/\/agugiarofigna.com\/#website","url":"https:\/\/agugiarofigna.com\/","name":"Agugiaro&Figna","description":"","publisher":{"@id":"https:\/\/agugiarofigna.com\/#organization"},"potentialAction":[{"@type":"SearchAction","target":{"@type":"EntryPoint","urlTemplate":"https:\/\/agugiarofigna.com\/?s={search_term_string}"},"query-input":{"@type":"PropertyValueSpecification","valueRequired":true,"valueName":"search_term_string"}}],"inLanguage":"pt-PT"},{"@type":"Organization","@id":"https:\/\/agugiarofigna.com\/#organization","name":"Agugiaro&Figna","url":"https:\/\/agugiarofigna.com\/","logo":{"@type":"ImageObject","inLanguage":"pt-PT","@id":"https:\/\/agugiarofigna.com\/#\/schema\/logo\/image\/","url":"https:\/\/agugiarofigna.com\/wp-content\/uploads\/2024\/12\/Logo-Agugiaro-Figna.svg","contentUrl":"https:\/\/agugiarofigna.com\/wp-content\/uploads\/2024\/12\/Logo-Agugiaro-Figna.svg","width":710,"height":125,"caption":"Agugiaro&Figna"},"image":{"@id":"https:\/\/agugiarofigna.com\/#\/schema\/logo\/image\/"},"sameAs":["https:\/\/www.facebook.com\/AgugiaroeFigna","https:\/\/www.instagram.com\/moliniagugiaroefigna\/#"]},{"@type":"Person","@id":"https:\/\/agugiarofigna.com\/#\/schema\/person\/b57a6382eedf3080af2faca8d2d20e25","name":"Gregorio Guerrini","image":{"@type":"ImageObject","inLanguage":"pt-PT","@id":"https:\/\/secure.gravatar.com\/avatar\/d632a82d325990f4d1a7e91c088859eb32b90e2ccd45676db28225c1cf84b4c6?s=96&d=mm&r=g","url":"https:\/\/secure.gravatar.com\/avatar\/d632a82d325990f4d1a7e91c088859eb32b90e2ccd45676db28225c1cf84b4c6?s=96&d=mm&r=g","contentUrl":"https:\/\/secure.gravatar.com\/avatar\/d632a82d325990f4d1a7e91c088859eb32b90e2ccd45676db28225c1cf84b4c6?s=96&d=mm&r=g","caption":"Gregorio Guerrini"},"url":"https:\/\/agugiarofigna.com\/pt-pt\/author\/gregorio\/"}]}},"_links":{"self":[{"href":"https:\/\/agugiarofigna.com\/pt-pt\/wp-json\/wp\/v2\/posts\/4223","targetHints":{"allow":["GET"]}}],"collection":[{"href":"https:\/\/agugiarofigna.com\/pt-pt\/wp-json\/wp\/v2\/posts"}],"about":[{"href":"https:\/\/agugiarofigna.com\/pt-pt\/wp-json\/wp\/v2\/types\/post"}],"author":[{"embeddable":true,"href":"https:\/\/agugiarofigna.com\/pt-pt\/wp-json\/wp\/v2\/users\/2"}],"replies":[{"embeddable":true,"href":"https:\/\/agugiarofigna.com\/pt-pt\/wp-json\/wp\/v2\/comments?post=4223"}],"version-history":[{"count":2,"href":"https:\/\/agugiarofigna.com\/pt-pt\/wp-json\/wp\/v2\/posts\/4223\/revisions"}],"predecessor-version":[{"id":6276,"href":"https:\/\/agugiarofigna.com\/pt-pt\/wp-json\/wp\/v2\/posts\/4223\/revisions\/6276"}],"wp:featuredmedia":[{"embeddable":true,"href":"https:\/\/agugiarofigna.com\/pt-pt\/wp-json\/wp\/v2\/media\/4224"}],"wp:attachment":[{"href":"https:\/\/agugiarofigna.com\/pt-pt\/wp-json\/wp\/v2\/media?parent=4223"}],"wp:term":[{"taxonomy":"category","embeddable":true,"href":"https:\/\/agugiarofigna.com\/pt-pt\/wp-json\/wp\/v2\/categories?post=4223"},{"taxonomy":"post_tag","embeddable":true,"href":"https:\/\/agugiarofigna.com\/pt-pt\/wp-json\/wp\/v2\/tags?post=4223"}],"curies":[{"name":"wp","href":"https:\/\/api.w.org\/{rel}","templated":true}]}}