{"id":4268,"date":"2020-12-18T15:43:00","date_gmt":"2020-12-18T14:43:00","guid":{"rendered":"https:\/\/agugiarofigna.com\/sem-categoria\/das-nacoes-unidas-ao-collecchio-11-historias-de-arvores-certas-no-sitio-certo-e-para-o-objetivo-certo-no-novo-numero-da-reticula-a-revista-do-ispra\/"},"modified":"2025-06-26T11:22:02","modified_gmt":"2025-06-26T09:22:02","slug":"das-nacoes-unidas-ao-collecchio-11-historias-de-arvores-certas-no-sitio-certo-e-para-o-objetivo-certo-no-novo-numero-da-reticula-a-revista-do-ispra","status":"publish","type":"post","link":"https:\/\/agugiarofigna.com\/pt-pt\/sem-categoria\/das-nacoes-unidas-ao-collecchio-11-historias-de-arvores-certas-no-sitio-certo-e-para-o-objetivo-certo-no-novo-numero-da-reticula-a-revista-do-ispra\/","title":{"rendered":"Das Na\u00e7\u00f5es Unidas ao Collecchio: 11 hist\u00f3rias de \u00e1rvores certas, no s\u00edtio certo e para o objetivo certo, no novo n\u00famero da RETICULA, a revista do ISPRA"},"content":{"rendered":"&#13;\n<p><strong><br\/>Das Na\u00e7\u00f5es Unidas a Collecchio: 11 hist\u00f3rias de \u00e1rvores certas, no lugar certo e para o objetivo certo, no novo n\u00famero da RETICULA, revista do Istituto Superiore per la Protezione e la Ricerca Ambientale (ISPRA).<\/strong><\/p>&#13;\n&#13;\n<p><strong>  Mais de 4.000 exemplares foram solicitados por minist\u00e9rios, regi\u00f5es, munic\u00edpios, universidades, parques, cidad\u00e3os, &#8230;<br\/><br\/>O projeto &#8220;Il Bosco del Molino&#8221; promovido por Agugiaro &amp; Figna, entre os selecionados pela RETICULA. A compensa\u00e7\u00e3o<sub>de CO2<\/sub>, a conetividade ecol\u00f3gica e a inspira\u00e7\u00e3o que a beleza das paisagens da zona rural de Parma encontrar\u00e1 nas \u00c1rvores e nos Arbustos do Bosque. <\/strong><\/p>&#13;\n&#13;\n<p><br\/><br\/><strong>Bosco del Molino di Collecchio est\u00e1 entre os 11 projectos de excel\u00eancia descritos nas 150 p\u00e1ginas do n\u00famero 25 da revista cient\u00edfica RETICULA do ISPRA.<\/strong> O artigo faz parte de uma extensa pesquisa de 150 p\u00e1ginas com a qual, desde o editorial da Divis\u00e3o Florestal das Na\u00e7\u00f5es Unidas at\u00e9 ao Bosco del Molino di Collecchio (Parma), se inaugura um novo ano editorial atrav\u00e9s de uma monografia dedicada \u00e0 floresta\u00e7\u00e3o e refloresta\u00e7\u00e3o em It\u00e1lia. S\u00e3o 11, como referido, os projectos de excel\u00eancia narrados e descritos, considerados coerentes com o &#8220;<strong><em>Plano Estrat\u00e9gico das Na\u00e7\u00f5es Unidas para as Florestas 2030<\/em><\/strong>&#8221; (PNUD2030) de 2017, que constitui a refer\u00eancia global para a gest\u00e3o das florestas do Planeta e das<em>&#8220;\u00e1rvores fora das florestas<\/em>&#8220;. E entre estes onze projectos tamb\u00e9m foi inclu\u00eddo <strong><em>A Floresta de Molino<\/em><\/strong> promovido pela<strong> Agugiaro&amp;Figna, <\/strong>em colabora\u00e7\u00e3o com o<strong> CINSA <\/strong>(Consorzio Interuniversitario Nazionale Scienze Ambientali), para apoiar o territ\u00f3rio e a sua biodiversidade, comprometendo-se com escolhas cada vez mais eco-sustent\u00e1veis.   <\/p>&#13;\n&#13;\n<p><br\/>As florestas cobrem 31% da massa terrestre e albergam 80% da biomassa terrestre, dando abrigo a mais de metade das esp\u00e9cies animais e vegetais, um patrim\u00f3nio que em It\u00e1lia v\u00ea muitas entidades p\u00fablicas e privadas capazes de uma excel\u00eancia de design que est\u00e1 a garantir, neste momento de grave incerteza pand\u00e9mica um futuro de resili\u00eancia social e ambiental, que vai do Piemonte ao Molise, do Gran Sasso \u00e0 Reggia di Venaria, propondo a utiliza\u00e7\u00e3o de big data e IOT (Internet of Trees) para a gest\u00e3o florestal e novos modelos de neg\u00f3cio para a venda dos servi\u00e7os ecossist\u00e9micos gerados pelas \u00e1rvores, at\u00e9 ao projeto Bosco del Molino di Collecchio, promovido pela Agugiaro &amp; Figna.<\/p>&#13;\n&#13;\n<p>O projeto do Grupo Molitorio foi escolhido pelo Comit\u00e9 Cient\u00edfico da RETICULA n\u00e3o s\u00f3 pela sua compensa\u00e7\u00e3o<sub>de CO2<\/sub> e conetividade ecol\u00f3gica, mas tamb\u00e9m pela especial inspira\u00e7\u00e3o que o Bosque Molino retira da beleza das paisagens que ser\u00e3o recriadas na zona rural de Parma. Isto ser\u00e1 feito atrav\u00e9s de um design inovador que associa a express\u00e3o da paisagem ao valor naturalista e cultural dos 13 hectares abrangidos pela interven\u00e7\u00e3o, que come\u00e7ou em julho passado e cuja conclus\u00e3o est\u00e1 prevista para novembro deste ano. <\/p>&#13;\n&#13;\n<p>&#8220;<em>A paisagem da plan\u00edcie de Parma junto \u00e0s colinas, estudada e descrita pelo cr\u00edtico de arte Roberto Tassi nos seus volumes de h\u00e1 trinta anos, embelezar\u00e1 uma frente de 700 metros da zona florestal. <\/em><strong><em>O projeto<\/em><\/strong> &#8211; <strong> explica <\/strong>a Dra. <strong>Rosanna Figna, <\/strong><strong>Diretora<\/strong><strong>de Qualidade, Investiga\u00e7\u00e3o e Desenvolvimento e <\/strong><strong>diretora de obras<\/strong><strong>da empresa <\/strong> &#8211; <strong><em>\u00e9 uma resposta a um desequil\u00edbrio ambiental que precisa de ser corrigido e, ao mesmo tempo, uma resposta \u00e0 procura e ao desejo de desfrutar de uma nova beleza atrav\u00e9s de um lugar que se tornar\u00e1 um espa\u00e7o de recrea\u00e7\u00e3o, medita\u00e7\u00e3o, teatro, procura de harmonia e produ\u00e7\u00e3o de cultura&#8221;.<\/em><\/strong><\/p>&#13;\n&#13;\n<p><strong><em>O Bosque de Molino<\/em><\/strong> ser\u00e1 constru\u00eddo num terreno adjacente \u00e0 f\u00e1brica do grupo em Collecchio, na prov\u00edncia de Parma, e envolver\u00e1 a floresta\u00e7\u00e3o de um total de 13 hectares, dos quais 10 ser\u00e3o de floresta natural e 3 de choupos. Ser\u00e3o plantadas no bosque 15 mil \u00e1rvores, arbustos e ess\u00eancias oficiais. A grande \u00e1rea verde ser\u00e1 capaz de absorver todo o<sub>CO2<\/sub> emitido pelas f\u00e1bricas de Agugiaro &amp; Figna no decurso das actividades de transforma\u00e7\u00e3o dos cereais. Trata-se, portanto, de um grande e ambicioso projeto com o qual a empresa assume o compromisso concreto de olhar para o presente e para o futuro com respeito, n\u00e3o s\u00f3 pelo ambiente, mas tamb\u00e9m pelo territ\u00f3rio local e pelos seus habitantes, iniciando um processo destinado a proteger o ambiente e o ecossistema como patrim\u00f3nio renov\u00e1vel. O <strong>Bosco del Molino<\/strong> parte da consci\u00eancia de que a quest\u00e3o ambiental \u00e9 incontorn\u00e1vel e da necessidade de deixar um legado \u00e0s gera\u00e7\u00f5es futuras. \u00c9 um projeto em constru\u00e7\u00e3o, na medida em que n\u00e3o se trata apenas de inovar atrav\u00e9s da sustentabilidade, mas tamb\u00e9m de oferecer um espa\u00e7o verde aberto e acess\u00edvel ao servi\u00e7o dos cidad\u00e3os, alunos, professores e investigadores, aos artistas como um novo espa\u00e7o para a realiza\u00e7\u00e3o de diferentes actividades: do lazer ao estudo, da investiga\u00e7\u00e3o cient\u00edfica \u00e0 cultura, redescobrindo nele o sentido de perten\u00e7a a uma comunidade.     <\/p>&#13;\n&#13;\n<p><br\/><strong>Sobre Agugiaro &amp; Figna Molini<\/strong><\/p>&#13;\n&#13;\n<p>Desde o s\u00e9culo XV que o Grupo Agugiaro&amp;Figna se dedica ao cuidado e \u00e0 moagem do trigo. &#8220;<em>Cada gr\u00e3o de trigo, assim como cada variedade, encerra em si o sentido do caminho que percorre, come\u00e7ando no campo com a sementeira, para depois, atrav\u00e9s de um processo lento e suave, chegar \u00e0s nossas mesas<\/em>&#8220;. Esta \u00e9 a filosofia que guia e anima o trabalho da empresa, nascida da fus\u00e3o de duas fam\u00edlias hist\u00f3ricas, que h\u00e1 seis gera\u00e7\u00f5es se dedica \u00e0 moagem com paix\u00e3o, conhecimento, t\u00e9cnica e dedica\u00e7\u00e3o. <\/p>&#13;\n&#13;\n<p>Segundo Agugiaro&amp;Figna, a farinha conta uma hist\u00f3ria, ou melhor, hist\u00f3rias diferentes unidas por um \u00fanico elemento: <strong>a farinha<\/strong>. Esta \u00e9 a magia do trigo, encerrada na capacidade de falar das pessoas que o trabalham com respeito, consci\u00eancia e t\u00e9cnica, num di\u00e1logo cont\u00ednuo entre tradi\u00e7\u00e3o e inova\u00e7\u00e3o; mas tamb\u00e9m nos fala da terra e das suas qualidades, hist\u00f3ria e carater\u00edsticas. \u00c9 a partir do campo que come\u00e7a o nosso compromisso de respeito pelo ambiente, pelo trabalho, pela alimenta\u00e7\u00e3o e pelas pessoas.  <\/p>&#13;\n&#13;\n<p>A aten\u00e7\u00e3o dada pela empresa aos aspectos funcionais da farinha levou-a a ser a primeira a desenvolver uma linha espec\u00edfica para pizza e a \u00fanica empresa de moagem a produzir fermento para massa fermentada. Foi criada uma gama de produtos para cada sector alimentar: cozinha, padaria, pastelaria, pizzaria, experimentando as carater\u00edsticas e as intera\u00e7\u00f5es com outros ingredientes. Os valores que orientam a empresa visam preservar a autenticidade do trigo, garantir um desempenho t\u00e9cnico relevante e assegurar um ambiente sustent\u00e1vel. A moagem \u00e9 suave e gradual, de variedades \u00fanicas de trigo, para respeitar as qualidades aut\u00f3ctones. A qualidade t\u00e9cnica e funcional \u00e9 assegurada pela mistura das farinhas em misturas equilibradas de carater\u00edsticas diferentes. A paix\u00e3o pela qualidade e pela naturalidade orienta as escolhas para a ado\u00e7\u00e3o de energias provenientes de fontes renov\u00e1veis, para farinhas biol\u00f3gicas, para novas extrac\u00e7\u00f5es que valorizam a autenticidade do trigo.     <\/p>&#13;\n","protected":false},"excerpt":{"rendered":"<p>&#13; Das Na\u00e7\u00f5es Unidas a Collecchio: 11 hist\u00f3rias de \u00e1rvores certas, no lugar certo e para o objetivo certo, no novo n\u00famero da RETICULA, revista [&hellip;]<\/p>\n","protected":false},"author":2,"featured_media":0,"comment_status":"closed","ping_status":"closed","sticky":false,"template":"","format":"standard","meta":{"_acf_changed":false,"footnotes":""},"categories":[51],"tags":[],"class_list":["post-4268","post","type-post","status-publish","format-standard","hentry","category-sem-categoria"],"acf":[],"yoast_head":"<!-- This site is optimized with the Yoast SEO plugin v27.4 - https:\/\/yoast.com\/product\/yoast-seo-wordpress\/ -->\n<title>Das Na\u00e7\u00f5es Unidas ao Collecchio: 11 hist\u00f3rias de \u00e1rvores certas, no s\u00edtio certo e para o objetivo certo, no novo n\u00famero da RETICULA, a revista do ISPRA - Agugiaro&amp;Figna<\/title>\n<meta name=\"robots\" content=\"index, follow, max-snippet:-1, max-image-preview:large, max-video-preview:-1\" \/>\n<link rel=\"canonical\" href=\"https:\/\/agugiarofigna.com\/pt-pt\/sem-categoria\/das-nacoes-unidas-ao-collecchio-11-historias-de-arvores-certas-no-sitio-certo-e-para-o-objetivo-certo-no-novo-numero-da-reticula-a-revista-do-ispra\/\" \/>\n<meta property=\"og:locale\" content=\"pt_PT\" \/>\n<meta property=\"og:type\" content=\"article\" \/>\n<meta property=\"og:title\" content=\"Das Na\u00e7\u00f5es Unidas ao Collecchio: 11 hist\u00f3rias de \u00e1rvores certas, no s\u00edtio certo e para o objetivo certo, no novo n\u00famero da RETICULA, a revista do ISPRA - Agugiaro&amp;Figna\" \/>\n<meta property=\"og:description\" content=\"&#013; Das Na\u00e7\u00f5es Unidas a Collecchio: 11 hist\u00f3rias de \u00e1rvores certas, no lugar certo e para o objetivo certo, no novo n\u00famero da RETICULA, revista [&hellip;]\" \/>\n<meta property=\"og:url\" content=\"https:\/\/agugiarofigna.com\/pt-pt\/sem-categoria\/das-nacoes-unidas-ao-collecchio-11-historias-de-arvores-certas-no-sitio-certo-e-para-o-objetivo-certo-no-novo-numero-da-reticula-a-revista-do-ispra\/\" \/>\n<meta property=\"og:site_name\" content=\"Agugiaro&amp;Figna\" \/>\n<meta property=\"article:publisher\" content=\"https:\/\/www.facebook.com\/AgugiaroeFigna\" \/>\n<meta property=\"article:published_time\" content=\"2020-12-18T14:43:00+00:00\" \/>\n<meta property=\"article:modified_time\" content=\"2025-06-26T09:22:02+00:00\" \/>\n<meta name=\"author\" content=\"Gregorio Guerrini\" \/>\n<meta name=\"twitter:card\" content=\"summary_large_image\" \/>\n<meta name=\"twitter:label1\" content=\"Escrito por\" \/>\n\t<meta name=\"twitter:data1\" content=\"Gregorio Guerrini\" \/>\n\t<meta name=\"twitter:label2\" content=\"Tempo estimado de leitura\" \/>\n\t<meta name=\"twitter:data2\" content=\"6 minutos\" \/>\n<script type=\"application\/ld+json\" class=\"yoast-schema-graph\">{\"@context\":\"https:\\\/\\\/schema.org\",\"@graph\":[{\"@type\":\"Article\",\"@id\":\"https:\\\/\\\/agugiarofigna.com\\\/pt-pt\\\/sem-categoria\\\/das-nacoes-unidas-ao-collecchio-11-historias-de-arvores-certas-no-sitio-certo-e-para-o-objetivo-certo-no-novo-numero-da-reticula-a-revista-do-ispra\\\/#article\",\"isPartOf\":{\"@id\":\"https:\\\/\\\/agugiarofigna.com\\\/pt-pt\\\/sem-categoria\\\/das-nacoes-unidas-ao-collecchio-11-historias-de-arvores-certas-no-sitio-certo-e-para-o-objetivo-certo-no-novo-numero-da-reticula-a-revista-do-ispra\\\/\"},\"author\":{\"name\":\"Gregorio Guerrini\",\"@id\":\"https:\\\/\\\/agugiarofigna.com\\\/#\\\/schema\\\/person\\\/b57a6382eedf3080af2faca8d2d20e25\"},\"headline\":\"Das Na\u00e7\u00f5es Unidas ao Collecchio: 11 hist\u00f3rias de \u00e1rvores certas, no s\u00edtio certo e para o objetivo certo, no novo n\u00famero da RETICULA, a revista do ISPRA\",\"datePublished\":\"2020-12-18T14:43:00+00:00\",\"dateModified\":\"2025-06-26T09:22:02+00:00\",\"mainEntityOfPage\":{\"@id\":\"https:\\\/\\\/agugiarofigna.com\\\/pt-pt\\\/sem-categoria\\\/das-nacoes-unidas-ao-collecchio-11-historias-de-arvores-certas-no-sitio-certo-e-para-o-objetivo-certo-no-novo-numero-da-reticula-a-revista-do-ispra\\\/\"},\"wordCount\":1221,\"publisher\":{\"@id\":\"https:\\\/\\\/agugiarofigna.com\\\/#organization\"},\"inLanguage\":\"pt-PT\"},{\"@type\":\"WebPage\",\"@id\":\"https:\\\/\\\/agugiarofigna.com\\\/pt-pt\\\/sem-categoria\\\/das-nacoes-unidas-ao-collecchio-11-historias-de-arvores-certas-no-sitio-certo-e-para-o-objetivo-certo-no-novo-numero-da-reticula-a-revista-do-ispra\\\/\",\"url\":\"https:\\\/\\\/agugiarofigna.com\\\/pt-pt\\\/sem-categoria\\\/das-nacoes-unidas-ao-collecchio-11-historias-de-arvores-certas-no-sitio-certo-e-para-o-objetivo-certo-no-novo-numero-da-reticula-a-revista-do-ispra\\\/\",\"name\":\"Das Na\u00e7\u00f5es Unidas ao Collecchio: 11 hist\u00f3rias de \u00e1rvores certas, no s\u00edtio certo e para o objetivo certo, no novo n\u00famero da RETICULA, a revista do ISPRA - Agugiaro&amp;Figna\",\"isPartOf\":{\"@id\":\"https:\\\/\\\/agugiarofigna.com\\\/#website\"},\"datePublished\":\"2020-12-18T14:43:00+00:00\",\"dateModified\":\"2025-06-26T09:22:02+00:00\",\"breadcrumb\":{\"@id\":\"https:\\\/\\\/agugiarofigna.com\\\/pt-pt\\\/sem-categoria\\\/das-nacoes-unidas-ao-collecchio-11-historias-de-arvores-certas-no-sitio-certo-e-para-o-objetivo-certo-no-novo-numero-da-reticula-a-revista-do-ispra\\\/#breadcrumb\"},\"inLanguage\":\"pt-PT\",\"potentialAction\":[{\"@type\":\"ReadAction\",\"target\":[\"https:\\\/\\\/agugiarofigna.com\\\/pt-pt\\\/sem-categoria\\\/das-nacoes-unidas-ao-collecchio-11-historias-de-arvores-certas-no-sitio-certo-e-para-o-objetivo-certo-no-novo-numero-da-reticula-a-revista-do-ispra\\\/\"]}]},{\"@type\":\"BreadcrumbList\",\"@id\":\"https:\\\/\\\/agugiarofigna.com\\\/pt-pt\\\/sem-categoria\\\/das-nacoes-unidas-ao-collecchio-11-historias-de-arvores-certas-no-sitio-certo-e-para-o-objetivo-certo-no-novo-numero-da-reticula-a-revista-do-ispra\\\/#breadcrumb\",\"itemListElement\":[{\"@type\":\"ListItem\",\"position\":1,\"name\":\"Home\",\"item\":\"https:\\\/\\\/agugiarofigna.com\\\/\"},{\"@type\":\"ListItem\",\"position\":2,\"name\":\"Das Na\u00e7\u00f5es Unidas ao Collecchio: 11 hist\u00f3rias de \u00e1rvores certas, no s\u00edtio certo e para o objetivo certo, no novo n\u00famero da RETICULA, a revista do ISPRA\"}]},{\"@type\":\"WebSite\",\"@id\":\"https:\\\/\\\/agugiarofigna.com\\\/#website\",\"url\":\"https:\\\/\\\/agugiarofigna.com\\\/\",\"name\":\"Agugiaro&Figna\",\"description\":\"\",\"publisher\":{\"@id\":\"https:\\\/\\\/agugiarofigna.com\\\/#organization\"},\"potentialAction\":[{\"@type\":\"SearchAction\",\"target\":{\"@type\":\"EntryPoint\",\"urlTemplate\":\"https:\\\/\\\/agugiarofigna.com\\\/?s={search_term_string}\"},\"query-input\":{\"@type\":\"PropertyValueSpecification\",\"valueRequired\":true,\"valueName\":\"search_term_string\"}}],\"inLanguage\":\"pt-PT\"},{\"@type\":\"Organization\",\"@id\":\"https:\\\/\\\/agugiarofigna.com\\\/#organization\",\"name\":\"Agugiaro&Figna\",\"url\":\"https:\\\/\\\/agugiarofigna.com\\\/\",\"logo\":{\"@type\":\"ImageObject\",\"inLanguage\":\"pt-PT\",\"@id\":\"https:\\\/\\\/agugiarofigna.com\\\/#\\\/schema\\\/logo\\\/image\\\/\",\"url\":\"https:\\\/\\\/agugiarofigna.com\\\/wp-content\\\/uploads\\\/2024\\\/12\\\/Logo-Agugiaro-Figna.svg\",\"contentUrl\":\"https:\\\/\\\/agugiarofigna.com\\\/wp-content\\\/uploads\\\/2024\\\/12\\\/Logo-Agugiaro-Figna.svg\",\"width\":710,\"height\":125,\"caption\":\"Agugiaro&Figna\"},\"image\":{\"@id\":\"https:\\\/\\\/agugiarofigna.com\\\/#\\\/schema\\\/logo\\\/image\\\/\"},\"sameAs\":[\"https:\\\/\\\/www.facebook.com\\\/AgugiaroeFigna\",\"https:\\\/\\\/www.instagram.com\\\/moliniagugiaroefigna\\\/#\"]},{\"@type\":\"Person\",\"@id\":\"https:\\\/\\\/agugiarofigna.com\\\/#\\\/schema\\\/person\\\/b57a6382eedf3080af2faca8d2d20e25\",\"name\":\"Gregorio Guerrini\",\"image\":{\"@type\":\"ImageObject\",\"inLanguage\":\"pt-PT\",\"@id\":\"https:\\\/\\\/secure.gravatar.com\\\/avatar\\\/d632a82d325990f4d1a7e91c088859eb32b90e2ccd45676db28225c1cf84b4c6?s=96&d=mm&r=g\",\"url\":\"https:\\\/\\\/secure.gravatar.com\\\/avatar\\\/d632a82d325990f4d1a7e91c088859eb32b90e2ccd45676db28225c1cf84b4c6?s=96&d=mm&r=g\",\"contentUrl\":\"https:\\\/\\\/secure.gravatar.com\\\/avatar\\\/d632a82d325990f4d1a7e91c088859eb32b90e2ccd45676db28225c1cf84b4c6?s=96&d=mm&r=g\",\"caption\":\"Gregorio Guerrini\"},\"url\":\"https:\\\/\\\/agugiarofigna.com\\\/pt-pt\\\/author\\\/gregorio\\\/\"}]}<\/script>\n<!-- \/ Yoast SEO plugin. -->","yoast_head_json":{"title":"Das Na\u00e7\u00f5es Unidas ao Collecchio: 11 hist\u00f3rias de \u00e1rvores certas, no s\u00edtio certo e para o objetivo certo, no novo n\u00famero da RETICULA, a revista do ISPRA - Agugiaro&amp;Figna","robots":{"index":"index","follow":"follow","max-snippet":"max-snippet:-1","max-image-preview":"max-image-preview:large","max-video-preview":"max-video-preview:-1"},"canonical":"https:\/\/agugiarofigna.com\/pt-pt\/sem-categoria\/das-nacoes-unidas-ao-collecchio-11-historias-de-arvores-certas-no-sitio-certo-e-para-o-objetivo-certo-no-novo-numero-da-reticula-a-revista-do-ispra\/","og_locale":"pt_PT","og_type":"article","og_title":"Das Na\u00e7\u00f5es Unidas ao Collecchio: 11 hist\u00f3rias de \u00e1rvores certas, no s\u00edtio certo e para o objetivo certo, no novo n\u00famero da RETICULA, a revista do ISPRA - Agugiaro&amp;Figna","og_description":"&#13; Das Na\u00e7\u00f5es Unidas a Collecchio: 11 hist\u00f3rias de \u00e1rvores certas, no lugar certo e para o objetivo certo, no novo n\u00famero da RETICULA, revista [&hellip;]","og_url":"https:\/\/agugiarofigna.com\/pt-pt\/sem-categoria\/das-nacoes-unidas-ao-collecchio-11-historias-de-arvores-certas-no-sitio-certo-e-para-o-objetivo-certo-no-novo-numero-da-reticula-a-revista-do-ispra\/","og_site_name":"Agugiaro&amp;Figna","article_publisher":"https:\/\/www.facebook.com\/AgugiaroeFigna","article_published_time":"2020-12-18T14:43:00+00:00","article_modified_time":"2025-06-26T09:22:02+00:00","author":"Gregorio Guerrini","twitter_card":"summary_large_image","twitter_misc":{"Escrito por":"Gregorio Guerrini","Tempo estimado de leitura":"6 minutos"},"schema":{"@context":"https:\/\/schema.org","@graph":[{"@type":"Article","@id":"https:\/\/agugiarofigna.com\/pt-pt\/sem-categoria\/das-nacoes-unidas-ao-collecchio-11-historias-de-arvores-certas-no-sitio-certo-e-para-o-objetivo-certo-no-novo-numero-da-reticula-a-revista-do-ispra\/#article","isPartOf":{"@id":"https:\/\/agugiarofigna.com\/pt-pt\/sem-categoria\/das-nacoes-unidas-ao-collecchio-11-historias-de-arvores-certas-no-sitio-certo-e-para-o-objetivo-certo-no-novo-numero-da-reticula-a-revista-do-ispra\/"},"author":{"name":"Gregorio Guerrini","@id":"https:\/\/agugiarofigna.com\/#\/schema\/person\/b57a6382eedf3080af2faca8d2d20e25"},"headline":"Das Na\u00e7\u00f5es Unidas ao Collecchio: 11 hist\u00f3rias de \u00e1rvores certas, no s\u00edtio certo e para o objetivo certo, no novo n\u00famero da RETICULA, a revista do ISPRA","datePublished":"2020-12-18T14:43:00+00:00","dateModified":"2025-06-26T09:22:02+00:00","mainEntityOfPage":{"@id":"https:\/\/agugiarofigna.com\/pt-pt\/sem-categoria\/das-nacoes-unidas-ao-collecchio-11-historias-de-arvores-certas-no-sitio-certo-e-para-o-objetivo-certo-no-novo-numero-da-reticula-a-revista-do-ispra\/"},"wordCount":1221,"publisher":{"@id":"https:\/\/agugiarofigna.com\/#organization"},"inLanguage":"pt-PT"},{"@type":"WebPage","@id":"https:\/\/agugiarofigna.com\/pt-pt\/sem-categoria\/das-nacoes-unidas-ao-collecchio-11-historias-de-arvores-certas-no-sitio-certo-e-para-o-objetivo-certo-no-novo-numero-da-reticula-a-revista-do-ispra\/","url":"https:\/\/agugiarofigna.com\/pt-pt\/sem-categoria\/das-nacoes-unidas-ao-collecchio-11-historias-de-arvores-certas-no-sitio-certo-e-para-o-objetivo-certo-no-novo-numero-da-reticula-a-revista-do-ispra\/","name":"Das Na\u00e7\u00f5es Unidas ao Collecchio: 11 hist\u00f3rias de \u00e1rvores certas, no s\u00edtio certo e para o objetivo certo, no novo n\u00famero da RETICULA, a revista do ISPRA - Agugiaro&amp;Figna","isPartOf":{"@id":"https:\/\/agugiarofigna.com\/#website"},"datePublished":"2020-12-18T14:43:00+00:00","dateModified":"2025-06-26T09:22:02+00:00","breadcrumb":{"@id":"https:\/\/agugiarofigna.com\/pt-pt\/sem-categoria\/das-nacoes-unidas-ao-collecchio-11-historias-de-arvores-certas-no-sitio-certo-e-para-o-objetivo-certo-no-novo-numero-da-reticula-a-revista-do-ispra\/#breadcrumb"},"inLanguage":"pt-PT","potentialAction":[{"@type":"ReadAction","target":["https:\/\/agugiarofigna.com\/pt-pt\/sem-categoria\/das-nacoes-unidas-ao-collecchio-11-historias-de-arvores-certas-no-sitio-certo-e-para-o-objetivo-certo-no-novo-numero-da-reticula-a-revista-do-ispra\/"]}]},{"@type":"BreadcrumbList","@id":"https:\/\/agugiarofigna.com\/pt-pt\/sem-categoria\/das-nacoes-unidas-ao-collecchio-11-historias-de-arvores-certas-no-sitio-certo-e-para-o-objetivo-certo-no-novo-numero-da-reticula-a-revista-do-ispra\/#breadcrumb","itemListElement":[{"@type":"ListItem","position":1,"name":"Home","item":"https:\/\/agugiarofigna.com\/"},{"@type":"ListItem","position":2,"name":"Das Na\u00e7\u00f5es Unidas ao Collecchio: 11 hist\u00f3rias de \u00e1rvores certas, no s\u00edtio certo e para o objetivo certo, no novo n\u00famero da RETICULA, a revista do ISPRA"}]},{"@type":"WebSite","@id":"https:\/\/agugiarofigna.com\/#website","url":"https:\/\/agugiarofigna.com\/","name":"Agugiaro&Figna","description":"","publisher":{"@id":"https:\/\/agugiarofigna.com\/#organization"},"potentialAction":[{"@type":"SearchAction","target":{"@type":"EntryPoint","urlTemplate":"https:\/\/agugiarofigna.com\/?s={search_term_string}"},"query-input":{"@type":"PropertyValueSpecification","valueRequired":true,"valueName":"search_term_string"}}],"inLanguage":"pt-PT"},{"@type":"Organization","@id":"https:\/\/agugiarofigna.com\/#organization","name":"Agugiaro&Figna","url":"https:\/\/agugiarofigna.com\/","logo":{"@type":"ImageObject","inLanguage":"pt-PT","@id":"https:\/\/agugiarofigna.com\/#\/schema\/logo\/image\/","url":"https:\/\/agugiarofigna.com\/wp-content\/uploads\/2024\/12\/Logo-Agugiaro-Figna.svg","contentUrl":"https:\/\/agugiarofigna.com\/wp-content\/uploads\/2024\/12\/Logo-Agugiaro-Figna.svg","width":710,"height":125,"caption":"Agugiaro&Figna"},"image":{"@id":"https:\/\/agugiarofigna.com\/#\/schema\/logo\/image\/"},"sameAs":["https:\/\/www.facebook.com\/AgugiaroeFigna","https:\/\/www.instagram.com\/moliniagugiaroefigna\/#"]},{"@type":"Person","@id":"https:\/\/agugiarofigna.com\/#\/schema\/person\/b57a6382eedf3080af2faca8d2d20e25","name":"Gregorio Guerrini","image":{"@type":"ImageObject","inLanguage":"pt-PT","@id":"https:\/\/secure.gravatar.com\/avatar\/d632a82d325990f4d1a7e91c088859eb32b90e2ccd45676db28225c1cf84b4c6?s=96&d=mm&r=g","url":"https:\/\/secure.gravatar.com\/avatar\/d632a82d325990f4d1a7e91c088859eb32b90e2ccd45676db28225c1cf84b4c6?s=96&d=mm&r=g","contentUrl":"https:\/\/secure.gravatar.com\/avatar\/d632a82d325990f4d1a7e91c088859eb32b90e2ccd45676db28225c1cf84b4c6?s=96&d=mm&r=g","caption":"Gregorio Guerrini"},"url":"https:\/\/agugiarofigna.com\/pt-pt\/author\/gregorio\/"}]}},"_links":{"self":[{"href":"https:\/\/agugiarofigna.com\/pt-pt\/wp-json\/wp\/v2\/posts\/4268","targetHints":{"allow":["GET"]}}],"collection":[{"href":"https:\/\/agugiarofigna.com\/pt-pt\/wp-json\/wp\/v2\/posts"}],"about":[{"href":"https:\/\/agugiarofigna.com\/pt-pt\/wp-json\/wp\/v2\/types\/post"}],"author":[{"embeddable":true,"href":"https:\/\/agugiarofigna.com\/pt-pt\/wp-json\/wp\/v2\/users\/2"}],"replies":[{"embeddable":true,"href":"https:\/\/agugiarofigna.com\/pt-pt\/wp-json\/wp\/v2\/comments?post=4268"}],"version-history":[{"count":2,"href":"https:\/\/agugiarofigna.com\/pt-pt\/wp-json\/wp\/v2\/posts\/4268\/revisions"}],"predecessor-version":[{"id":6265,"href":"https:\/\/agugiarofigna.com\/pt-pt\/wp-json\/wp\/v2\/posts\/4268\/revisions\/6265"}],"wp:attachment":[{"href":"https:\/\/agugiarofigna.com\/pt-pt\/wp-json\/wp\/v2\/media?parent=4268"}],"wp:term":[{"taxonomy":"category","embeddable":true,"href":"https:\/\/agugiarofigna.com\/pt-pt\/wp-json\/wp\/v2\/categories?post=4268"},{"taxonomy":"post_tag","embeddable":true,"href":"https:\/\/agugiarofigna.com\/pt-pt\/wp-json\/wp\/v2\/tags?post=4268"}],"curies":[{"name":"wp","href":"https:\/\/api.w.org\/{rel}","templated":true}]}}